{"id":25127,"date":"2025-04-30T08:00:12","date_gmt":"2025-04-30T08:00:12","guid":{"rendered":"https:\/\/haberbesiktas.tr\/?p=25127"},"modified":"2025-04-30T08:00:12","modified_gmt":"2025-04-30T08:00:12","slug":"suggs-sakatligi-nedeniyle-suresiz-kadro-disi","status":"publish","type":"post","link":"https:\/\/haberbesiktas.tr\/?p=25127","title":{"rendered":"Suggs, sakatl\u0131\u011f\u0131 nedeniyle s\u00fcresiz kadro d\u0131\u015f\u0131"},"content":{"rendered":"<div>Orlando Magic, guard oyuncusu Jalen Suggs&#8217;\u0131n sol dizindeki k\u0131k\u0131rdak kesiminin \u00e7\u0131kar\u0131lmas\u0131 i\u00e7in yap\u0131lan artroskopik ameliyat sonras\u0131 s\u00fcresiz olarak alanlardan uzak kalaca\u011f\u0131n\u0131 duyurdu.<\/p>\n<p> Ekibin yapt\u0131\u011f\u0131 a\u00e7\u0131klamada, Suggs&#8217;\u0131n alanlara d\u00f6n\u00fc\u015f m\u00fcddetinin b\u00fcsb\u00fct\u00fcn rehabilitasyon s\u00fcrecine ba\u011fl\u0131 oldu\u011fu belirtildi.<\/p>\n<p> Suggs, ya\u015fad\u0131\u011f\u0131 sakatl\u0131klar nedeniyle bu d\u00f6nem istikrarl\u0131 bir formda forma giyemedi. Son olarak, uyluk sakatl\u0131\u011f\u0131ndan d\u00f6n\u00fc\u015f haz\u0131rl\u0131klar\u0131 yaparken dizinden sakatlanan oyuncu, bu s\u00fcre\u00e7te 14 ma\u00e7\u0131 ka\u00e7\u0131rd\u0131. D\u00f6nemin evvelki k\u0131sm\u0131nda de s\u0131rt sakatl\u0131\u011f\u0131 sebebiyle 10 ma\u00e7ta forma giyememi\u015fti.<\/p>\n<p> 23 ya\u015f\u0131ndaki Suggs, bu d\u00f6nem mesle\u011finin en y\u00fcksek ortalamalar\u0131na ula\u015f\u0131p 16.2 say\u0131, 4 ribaund, 3.7 asist ve 1.5 top \u00e7alma ile oynuyordu. Ge\u00e7ti\u011fimiz d\u00f6nem ise NBA&#8217;de en yeterli savunma oyuncular\u0131 ortas\u0131nda g\u00f6sterilerek Y\u0131l\u0131n Savunma Kadrosu \u0130kinci Be\u015fi&#8217;ne se\u00e7ilmi\u015fti.<\/p>\n<\/div>\n","protected":false},"excerpt":{"rendered":"<p>Orlando Magic, guard oyuncusu Jalen Suggs&#8217;\u0131n sol dizindeki k\u0131k\u0131rdak kesiminin \u00e7\u0131kar\u0131lmas\u0131 i\u00e7in yap\u0131lan artroskopik ameliyat sonras\u0131 s\u00fcresiz olarak alanlardan uzak kalaca\u011f\u0131n\u0131 duyurdu.<\/p>\n","protected":false},"author":1,"featured_media":25128,"comment_status":"open","ping_status":"open","sticky":false,"template":"","format":"standard","meta":{"footnotes":""},"categories":[10],"tags":[],"class_list":["post-25127","post","type-post","status-publish","format-standard","has-post-thumbnail","hentry","category-basketbol"],"_links":{"self":[{"href":"https:\/\/haberbesiktas.tr\/index.php?rest_route=\/wp\/v2\/posts\/25127","targetHints":{"allow":["GET"]}}],"collection":[{"href":"https:\/\/haberbesiktas.tr\/index.php?rest_route=\/wp\/v2\/posts"}],"about":[{"href":"https:\/\/haberbesiktas.tr\/index.php?rest_route=\/wp\/v2\/types\/post"}],"author":[{"embeddable":true,"href":"https:\/\/haberbesiktas.tr\/index.php?rest_route=\/wp\/v2\/users\/1"}],"replies":[{"embeddable":true,"href":"https:\/\/haberbesiktas.tr\/index.php?rest_route=%2Fwp%2Fv2%2Fcomments&post=25127"}],"version-history":[{"count":1,"href":"https:\/\/haberbesiktas.tr\/index.php?rest_route=\/wp\/v2\/posts\/25127\/revisions"}],"predecessor-version":[{"id":25129,"href":"https:\/\/haberbesiktas.tr\/index.php?rest_route=\/wp\/v2\/posts\/25127\/revisions\/25129"}],"wp:featuredmedia":[{"embeddable":true,"href":"https:\/\/haberbesiktas.tr\/index.php?rest_route=\/wp\/v2\/media\/25128"}],"wp:attachment":[{"href":"https:\/\/haberbesiktas.tr\/index.php?rest_route=%2Fwp%2Fv2%2Fmedia&parent=25127"}],"wp:term":[{"taxonomy":"category","embeddable":true,"href":"https:\/\/haberbesiktas.tr\/index.php?rest_route=%2Fwp%2Fv2%2Fcategories&post=25127"},{"taxonomy":"post_tag","embeddable":true,"href":"https:\/\/haberbesiktas.tr\/index.php?rest_route=%2Fwp%2Fv2%2Ftags&post=25127"}],"curies":[{"name":"wp","href":"https:\/\/api.w.org\/{rel}","templated":true}]}}