{"id":25136,"date":"2025-04-30T08:36:15","date_gmt":"2025-04-30T08:36:15","guid":{"rendered":"https:\/\/haberbesiktas.tr\/?p=25136"},"modified":"2025-04-30T08:36:15","modified_gmt":"2025-04-30T08:36:15","slug":"bartug-elmazdan-mourinho-itirafi","status":"publish","type":"post","link":"https:\/\/haberbesiktas.tr\/?p=25136","title":{"rendered":"Bartu\u011f Elmaz&#8217;dan Mourinho itiraf\u0131!"},"content":{"rendered":"<div>\n<p>Ara transfer periyodunda Fenerbah\u00e7e&#8217;den Slovenya Ligi grubu Maribor&#8217;a kiralanan 21 ya\u015f\u0131ndaki oyuncu Bartu\u011f Elmaz, teknik y\u00f6netici Jose Mourinho hakk\u0131nda a\u00e7\u0131klamalarda bulundu.\u00a0<\/p>\n<p> Mourinho ile yak\u0131n ba\u011flant\u0131da oldu\u011funu vurgulayan Elmaz,<strong>&#8220;Mourinho, her ma\u00e7tan sonra bana bir bildiri g\u00f6nderiyor. Maribor formas\u0131yla birinci gol\u00fcm\u00fc Celje&#8217;ye att\u0131\u011f\u0131mda beni tebrik etti ve bu bahiste biraz \u015fakala\u015ft\u0131k. O m\u00fckemmel bir teknik y\u00f6netici ve ondan \u00e7ok \u015fey \u00f6\u011frenmek istiyorum. Birebir formda \u015fu anda Maribor&#8217;da antren\u00f6r\u00fcm olan Bostjan Cesar&#8217;dan da \u00e7ok \u015fey \u00f6\u011frenmek istiyorum&#8221;<\/strong> dedi.<\/p>\n<p> <strong>SEZON SONUNA KADAR K\u0130RALIK<\/strong><\/p>\n<p> Sar\u0131-Lacivertli grupta \u00f6n libero oyuncu Bartu\u011f Elmaz, Maribor&#8217;da d\u00f6nem sonuna kadar forma giyecek.<\/p>\n<div>\u00a0<\/div>\n<\/div>\n","protected":false},"excerpt":{"rendered":"<p>Orta transfer devrinde Fenerbah\u00e7e&#8217;den Maribor&#8217;a kiralanan Bartu\u011f Elmaz, teknik y\u00f6netici Jose Mourinho hakk\u0131nda konu\u015ftu.<\/p>\n","protected":false},"author":1,"featured_media":25137,"comment_status":"open","ping_status":"open","sticky":false,"template":"","format":"standard","meta":{"footnotes":""},"categories":[25],"tags":[],"class_list":["post-25136","post","type-post","status-publish","format-standard","has-post-thumbnail","hentry","category-futbol"],"_links":{"self":[{"href":"https:\/\/haberbesiktas.tr\/index.php?rest_route=\/wp\/v2\/posts\/25136","targetHints":{"allow":["GET"]}}],"collection":[{"href":"https:\/\/haberbesiktas.tr\/index.php?rest_route=\/wp\/v2\/posts"}],"about":[{"href":"https:\/\/haberbesiktas.tr\/index.php?rest_route=\/wp\/v2\/types\/post"}],"author":[{"embeddable":true,"href":"https:\/\/haberbesiktas.tr\/index.php?rest_route=\/wp\/v2\/users\/1"}],"replies":[{"embeddable":true,"href":"https:\/\/haberbesiktas.tr\/index.php?rest_route=%2Fwp%2Fv2%2Fcomments&post=25136"}],"version-history":[{"count":1,"href":"https:\/\/haberbesiktas.tr\/index.php?rest_route=\/wp\/v2\/posts\/25136\/revisions"}],"predecessor-version":[{"id":25138,"href":"https:\/\/haberbesiktas.tr\/index.php?rest_route=\/wp\/v2\/posts\/25136\/revisions\/25138"}],"wp:featuredmedia":[{"embeddable":true,"href":"https:\/\/haberbesiktas.tr\/index.php?rest_route=\/wp\/v2\/media\/25137"}],"wp:attachment":[{"href":"https:\/\/haberbesiktas.tr\/index.php?rest_route=%2Fwp%2Fv2%2Fmedia&parent=25136"}],"wp:term":[{"taxonomy":"category","embeddable":true,"href":"https:\/\/haberbesiktas.tr\/index.php?rest_route=%2Fwp%2Fv2%2Fcategories&post=25136"},{"taxonomy":"post_tag","embeddable":true,"href":"https:\/\/haberbesiktas.tr\/index.php?rest_route=%2Fwp%2Fv2%2Ftags&post=25136"}],"curies":[{"name":"wp","href":"https:\/\/api.w.org\/{rel}","templated":true}]}}