{"id":25263,"date":"2025-04-30T16:24:19","date_gmt":"2025-04-30T16:24:19","guid":{"rendered":"https:\/\/haberbesiktas.tr\/?p=25263"},"modified":"2025-04-30T16:24:19","modified_gmt":"2025-04-30T16:24:19","slug":"deniz-ertas-son-haftalarda-yukselen-bir-oyunumuz-var","status":"publish","type":"post","link":"https:\/\/haberbesiktas.tr\/?p=25263","title":{"rendered":"Deniz Erta\u015f: &#8220;Son haftalarda y\u00fckselen bir oyunumuz var&#8221;"},"content":{"rendered":"<div>Trendyol Muhte\u015fem Lig&#8217;in 26. haftas\u0131nda Trabzonspor&#8217;u 1-0 yenerek galip gelen Konyaspor&#8217;da kaleci Deniz Erta\u015f, ma\u00e7 sonras\u0131 de\u011ferlendirmelerde bulundu.<\/p>\n<p> Deniz Erta\u015f : <strong>&#8220;\u00d6ncelikle \u00e7ok memnunum. Son haftalarda y\u00fckselen bir oyunumuz vard\u0131. Bunu skora yans\u0131tam\u0131yorduk. Galibiyet i\u00e7in \u00e7ok memnunuz. \u0130n\u015fallah \u00f6n\u00fcm\u00fczdeki hafta da 3 puan alarak bu haftay\u0131 ta\u00e7land\u0131r\u0131r\u0131z.&#8221;<\/strong> kelamlar\u0131n\u0131 sarf etti.<\/p>\n<p><strong>&#8220;GEN\u00c7 B\u0130R KALEC\u0130Y\u0130M&#8221;<\/strong><\/p>\n<p> Deniz Erta\u015f,<strong> &#8220;Gen\u00e7 bir kaleciyim, m\u00fchlet buldu\u011fumda elimden gelenin en g\u00fczelini yapmaya \u00e7al\u0131\u015f\u0131yorum. \u0130n\u015fallah ilerleyen s\u00fcre\u00e7te ekibe daha fazla yard\u0131mc\u0131 olurum ve daha fazla galibiyet\u00a0al\u0131r\u0131z.&#8221;<\/strong> dedi.<\/p>\n<\/div>\n","protected":false},"excerpt":{"rendered":"<p>Trendyol Harika Lig&#8217;in 26. haftas\u0131nda Trabzonspor&#8217;u 1-0 ma\u011flup eden Konyaspor&#8217;da kaleci Deniz Erta\u015f ma\u00e7 sonras\u0131 a\u00e7\u0131klamalarda bulundu.<\/p>\n","protected":false},"author":1,"featured_media":25264,"comment_status":"open","ping_status":"open","sticky":false,"template":"","format":"standard","meta":{"footnotes":""},"categories":[25],"tags":[],"class_list":["post-25263","post","type-post","status-publish","format-standard","has-post-thumbnail","hentry","category-futbol"],"_links":{"self":[{"href":"https:\/\/haberbesiktas.tr\/index.php?rest_route=\/wp\/v2\/posts\/25263","targetHints":{"allow":["GET"]}}],"collection":[{"href":"https:\/\/haberbesiktas.tr\/index.php?rest_route=\/wp\/v2\/posts"}],"about":[{"href":"https:\/\/haberbesiktas.tr\/index.php?rest_route=\/wp\/v2\/types\/post"}],"author":[{"embeddable":true,"href":"https:\/\/haberbesiktas.tr\/index.php?rest_route=\/wp\/v2\/users\/1"}],"replies":[{"embeddable":true,"href":"https:\/\/haberbesiktas.tr\/index.php?rest_route=%2Fwp%2Fv2%2Fcomments&post=25263"}],"version-history":[{"count":1,"href":"https:\/\/haberbesiktas.tr\/index.php?rest_route=\/wp\/v2\/posts\/25263\/revisions"}],"predecessor-version":[{"id":25265,"href":"https:\/\/haberbesiktas.tr\/index.php?rest_route=\/wp\/v2\/posts\/25263\/revisions\/25265"}],"wp:featuredmedia":[{"embeddable":true,"href":"https:\/\/haberbesiktas.tr\/index.php?rest_route=\/wp\/v2\/media\/25264"}],"wp:attachment":[{"href":"https:\/\/haberbesiktas.tr\/index.php?rest_route=%2Fwp%2Fv2%2Fmedia&parent=25263"}],"wp:term":[{"taxonomy":"category","embeddable":true,"href":"https:\/\/haberbesiktas.tr\/index.php?rest_route=%2Fwp%2Fv2%2Fcategories&post=25263"},{"taxonomy":"post_tag","embeddable":true,"href":"https:\/\/haberbesiktas.tr\/index.php?rest_route=%2Fwp%2Fv2%2Ftags&post=25263"}],"curies":[{"name":"wp","href":"https:\/\/api.w.org\/{rel}","templated":true}]}}