{"id":25266,"date":"2025-04-30T16:36:17","date_gmt":"2025-04-30T16:36:17","guid":{"rendered":"https:\/\/haberbesiktas.tr\/?p=25266"},"modified":"2025-04-30T16:36:17","modified_gmt":"2025-04-30T16:36:17","slug":"umut-nayir-gecen-sene-yasanan-bir-travma-var","status":"publish","type":"post","link":"https:\/\/haberbesiktas.tr\/?p=25266","title":{"rendered":"Umut Nayir: &#8220;Ge\u00e7en sene ya\u015fanan bir travma var&#8221;"},"content":{"rendered":"<div>Trendyol Harika Lig&#8217;in 26. haftas\u0131nda Trabzonspor&#8217;u 1-0 yenerek galip gelen Konyaspor&#8217;da Umut Nayir ve U\u011furcan Yaz\u011f\u0131l\u0131, ma\u00e7 sonras\u0131 de\u011ferlendirmelerde bulundu.<\/p>\n<div>Umut Nayir,\u00a0<span><strong>&#8220;\u00c7ok k\u0131ymetliydi, kendim ismine da memnunluk verici ekibime galibiyeti getiren gol\u00fc atmak. Bilhassa son iki haftada ald\u0131\u011f\u0131m\u0131z sonu\u00e7lar nedeniyle bizim i\u00e7in gerilim y\u00fck\u00fc fazla bir ma\u00e7t\u0131. \u0130stikrar ma\u00e7\u0131yd\u0131. \u00c7ok konum yoktu. Rakiplerimizin puan kaybetti\u011fi haftada kazanmak bizim i\u00e7in de\u011ferliydi. Birinci \u00f6nceli\u011fimiz d\u00fc\u015fme s\u0131n\u0131r\u0131ndan uzakla\u015fmak.&#8221; <\/strong>s\u00f6zlerini sarf etti.<\/p>\n<p><\/span><strong>&#8220;YA\u015eANAN B\u0130R TRAVMA VAR&#8221;<\/strong><\/p>\n<p><span>Umut Bayir, <strong>&#8220;Ge\u00e7en sene ya\u015fanan bir travma var. Kendi d\u0131\u015f\u0131nda durumlarda ligde kal\u0131nan bir durum var ge\u00e7en sene Konyaspor i\u00e7in. Haftalar ilerledik\u00e7e o travma tetikleniyor. Son hafta olsa bu kadar olurdu. Sonu galibiyet oldu\u011fu i\u00e7in o gerilimi att\u0131k diyebilirim.&#8221;<\/strong> dedi.<\/p>\n<p>U\u011furcan Yaz\u011f\u0131l\u0131 ise,\u00a0<span><strong>&#8220;Kupadan evvel de \u00e7ok g\u00fc\u00e7 bir ma\u00e7 oynad\u0131k. Sivas&#8217;ta s\u0131k\u0131nt\u0131 kaideler alt\u0131nda bir ma\u00e7 oynad\u0131k. Oradan bir puanla d\u00f6nd\u00fck ancak kazanabilirdik. Sonra kupada istedi\u011fimizi ald\u0131k, o da moral oldu. Bug\u00fcn de kazan\u0131p \u00f6z inanc\u0131m\u0131z\u0131 artt\u0131rmak istiyorduk. Buraya gelen taraftar\u0131m\u0131za te\u015fekk\u00fcr ediyoruz. Galibiyet i\u00e7in memnunuz. Bir an evvel alt s\u0131ralardan \u00e7\u0131kmak istiyoruz.&#8221;<\/strong> a\u00e7\u0131klamas\u0131n\u0131 yapt\u0131.<\/span><\/span><\/div>\n<\/div>\n","protected":false},"excerpt":{"rendered":"<p>Trendyol Harika Lig&#8217;in 26. haftas\u0131nda Trabzonspor&#8217;u 1-0 ma\u011flup eden Konyaspor&#8217;da Umut Nayir ve U\u011furcan Yaz\u011f\u0131l\u0131 ma\u00e7 sonras\u0131 a\u00e7\u0131klamalarda bulundu.<\/p>\n","protected":false},"author":1,"featured_media":25267,"comment_status":"open","ping_status":"open","sticky":false,"template":"","format":"standard","meta":{"footnotes":""},"categories":[25],"tags":[50],"class_list":["post-25266","post","type-post","status-publish","format-standard","has-post-thumbnail","hentry","category-futbol","tag-mac"],"_links":{"self":[{"href":"https:\/\/haberbesiktas.tr\/index.php?rest_route=\/wp\/v2\/posts\/25266","targetHints":{"allow":["GET"]}}],"collection":[{"href":"https:\/\/haberbesiktas.tr\/index.php?rest_route=\/wp\/v2\/posts"}],"about":[{"href":"https:\/\/haberbesiktas.tr\/index.php?rest_route=\/wp\/v2\/types\/post"}],"author":[{"embeddable":true,"href":"https:\/\/haberbesiktas.tr\/index.php?rest_route=\/wp\/v2\/users\/1"}],"replies":[{"embeddable":true,"href":"https:\/\/haberbesiktas.tr\/index.php?rest_route=%2Fwp%2Fv2%2Fcomments&post=25266"}],"version-history":[{"count":1,"href":"https:\/\/haberbesiktas.tr\/index.php?rest_route=\/wp\/v2\/posts\/25266\/revisions"}],"predecessor-version":[{"id":25268,"href":"https:\/\/haberbesiktas.tr\/index.php?rest_route=\/wp\/v2\/posts\/25266\/revisions\/25268"}],"wp:featuredmedia":[{"embeddable":true,"href":"https:\/\/haberbesiktas.tr\/index.php?rest_route=\/wp\/v2\/media\/25267"}],"wp:attachment":[{"href":"https:\/\/haberbesiktas.tr\/index.php?rest_route=%2Fwp%2Fv2%2Fmedia&parent=25266"}],"wp:term":[{"taxonomy":"category","embeddable":true,"href":"https:\/\/haberbesiktas.tr\/index.php?rest_route=%2Fwp%2Fv2%2Fcategories&post=25266"},{"taxonomy":"post_tag","embeddable":true,"href":"https:\/\/haberbesiktas.tr\/index.php?rest_route=%2Fwp%2Fv2%2Ftags&post=25266"}],"curies":[{"name":"wp","href":"https:\/\/api.w.org\/{rel}","templated":true}]}}