{"id":25269,"date":"2025-04-30T16:48:19","date_gmt":"2025-04-30T16:48:19","guid":{"rendered":"https:\/\/haberbesiktas.tr\/?p=25269"},"modified":"2025-04-30T16:48:19","modified_gmt":"2025-04-30T16:48:19","slug":"recep-ucar-penalti-atmaya-aliskin-degiliz","status":"publish","type":"post","link":"https:\/\/haberbesiktas.tr\/?p=25269","title":{"rendered":"Recep U\u00e7ar: &#8220;Penalt\u0131 atmaya al\u0131\u015fk\u0131n de\u011filiz&#8221;"},"content":{"rendered":"<div>Trendyol Harika Lig&#8217;in 26. haftas\u0131nda Trabzonspor&#8217;u 1-0 yenerek galip gelen Konyaspor&#8217;da teknik y\u00f6netici Recep U\u00e7ar, ma\u00e7 sonras\u0131 de\u011ferlendirmelerde bulundu.<\/p>\n<p>Recep U\u00e7ar,\u00a0<span><strong>&#8220;Bulundu\u011fumuz pozisyondan uzakla\u015fmak ismine mutlak kazanmam\u0131z gereken bir ma\u00e7t\u0131. Trabzonspor, son haftalarda ligin formda gruplardan biri, uygun sonu\u00e7lar alan bir tak\u0131md\u0131. Daha oturakl\u0131 oyunlar\u0131 vard\u0131. Ancak bakt\u0131\u011f\u0131n\u0131zda birinci yar\u0131ya bak\u0131nca, topa onlar daha fazla sahip oldu fakat \u00e7ok durum vermedik. \u0130kinci yar\u0131da daha \u00e7ok net durum \u00fcreten bizdik. Deniz&#8217;in bir kurtar\u0131\u015f\u0131 vard\u0131, o bizi hayatta tuttu. Sonras\u0131nda ge\u00e7i\u015flerimiz var. Uzatmalarda \u00e7ok puan kaybettik ancak birinci sefer uzatmalarda gol att\u0131k. Konya kentine, buraya gelen, Konya kentine g\u00fczel olsun. Umar\u0131m bundan sonra ivmemiz devam eder.&#8221;<\/strong> dedi.<\/span><\/p>\n<p><strong>&#8220;PENALTI ATMAYA ALI\u015eKIN DE\u011e\u0130L\u0130Z&#8221;\u00a0<\/strong><\/p>\n<div>Recep U\u00e7ar, <strong>&#8220;Penalt\u0131 atmaya al\u0131\u015fk\u0131n de\u011filiz. Ben geldi\u011fimden bu yana birinci kere penalt\u0131 att\u0131k. Umut daha evvel penalt\u0131 ka\u00e7\u0131rmas\u0131na kar\u015f\u0131n orada sorumluluk ald\u0131, te\u015fekk\u00fcr ediyoruz kendisine. Evet, son k\u0131s\u0131mlarda \u00e7ok alanlar vard\u0131, kullanam\u0131yorduk bir t\u00fcrl\u00fc. Son dakikada ve penalt\u0131yla da olsa kazanmak ho\u015f. Trabzonspor&#8217;a, \u015eenol Hoca&#8217;ya ve tak\u0131m\u0131na muvaffakiyetler diliyorum bundan sonra.&#8221;<\/strong> kelamlar\u0131n\u0131 sarf etti.<\/div>\n<blockquote class=\"twitter-tweet\" data-width=\"500\" data-dnt=\"true\">\n<p lang=\"tr\" dir=\"ltr\">Konyaspor Teknik Direkt\u00f6r\u00fc Recep U\u00e7ar, Umut Nayir&#39;in son dakikalarda kulland\u0131\u011f\u0131 penalt\u0131y\u0131 izleyemiyor! <a href=\"https:\/\/t.co\/2s2gpMFUxD\" rel=\"nofollow\">pic.twitter.com\/2s2gpMFUxD<\/a><\/p>\n<p>&mdash; Sporxtv (@sporxtv) <a href=\"https:\/\/twitter.com\/sporxtv\/status\/1896583186479792221?ref_src=twsrc%5Etfw\" rel=\"nofollow noopener\" target=\"_blank\">March 3, 2025<\/a><\/p><\/blockquote>\n<p><script async src=\"https:\/\/platform.twitter.com\/widgets.js\" charset=\"utf-8\"><\/script><\/p>\n<\/p><\/div>\n","protected":false},"excerpt":{"rendered":"<p>Trendyol Harika Lig&#8217;in 26. haftas\u0131nda Trabzonspor&#8217;u 1-0 ma\u011flup eden Konyaspor&#8217;da teknik y\u00f6netici Recep U\u00e7ar ma\u00e7 sonras\u0131 a\u00e7\u0131klamalarda bulundu.<\/p>\n","protected":false},"author":1,"featured_media":25271,"comment_status":"open","ping_status":"open","sticky":false,"template":"","format":"standard","meta":{"footnotes":""},"categories":[25],"tags":[303],"class_list":["post-25269","post","type-post","status-publish","format-standard","has-post-thumbnail","hentry","category-futbol","tag-penalti"],"_links":{"self":[{"href":"https:\/\/haberbesiktas.tr\/index.php?rest_route=\/wp\/v2\/posts\/25269","targetHints":{"allow":["GET"]}}],"collection":[{"href":"https:\/\/haberbesiktas.tr\/index.php?rest_route=\/wp\/v2\/posts"}],"about":[{"href":"https:\/\/haberbesiktas.tr\/index.php?rest_route=\/wp\/v2\/types\/post"}],"author":[{"embeddable":true,"href":"https:\/\/haberbesiktas.tr\/index.php?rest_route=\/wp\/v2\/users\/1"}],"replies":[{"embeddable":true,"href":"https:\/\/haberbesiktas.tr\/index.php?rest_route=%2Fwp%2Fv2%2Fcomments&post=25269"}],"version-history":[{"count":1,"href":"https:\/\/haberbesiktas.tr\/index.php?rest_route=\/wp\/v2\/posts\/25269\/revisions"}],"predecessor-version":[{"id":25272,"href":"https:\/\/haberbesiktas.tr\/index.php?rest_route=\/wp\/v2\/posts\/25269\/revisions\/25272"}],"wp:featuredmedia":[{"embeddable":true,"href":"https:\/\/haberbesiktas.tr\/index.php?rest_route=\/wp\/v2\/media\/25271"}],"wp:attachment":[{"href":"https:\/\/haberbesiktas.tr\/index.php?rest_route=%2Fwp%2Fv2%2Fmedia&parent=25269"}],"wp:term":[{"taxonomy":"category","embeddable":true,"href":"https:\/\/haberbesiktas.tr\/index.php?rest_route=%2Fwp%2Fv2%2Fcategories&post=25269"},{"taxonomy":"post_tag","embeddable":true,"href":"https:\/\/haberbesiktas.tr\/index.php?rest_route=%2Fwp%2Fv2%2Ftags&post=25269"}],"curies":[{"name":"wp","href":"https:\/\/api.w.org\/{rel}","templated":true}]}}