{"id":25273,"date":"2025-04-30T17:00:15","date_gmt":"2025-04-30T17:00:15","guid":{"rendered":"https:\/\/haberbesiktas.tr\/?p=25273"},"modified":"2025-04-30T17:00:15","modified_gmt":"2025-04-30T17:00:15","slug":"senol-gunes-benim-icin-hayal-kirikligiydi","status":"publish","type":"post","link":"https:\/\/haberbesiktas.tr\/?p=25273","title":{"rendered":"\u015eenol G\u00fcne\u015f: &#8220;Benim i\u00e7in hayal k\u0131r\u0131kl\u0131\u011f\u0131yd\u0131&#8221;"},"content":{"rendered":"<div>Trendyol Muhte\u015fem Lig&#8217;in 26. haftas\u0131nda deplasmanda Konyaspor&#8217;a 1-0 yenilen Trabzonspor&#8217;da teknik y\u00f6netici \u015eenol G\u00fcne\u015f, m\u00fcsabaka sonras\u0131 konu\u015ftu.<\/p>\n<p> \u015eenol G\u00fcne\u015f, <strong>&#8220;Buraya gelirken moral ve g\u00fc\u00e7 olarak \u00e2l\u00e2 durumda oldu\u011fumuzu biliyorduk. Ligde de s\u0131ralama olarak nerelere kadar gidebilece\u011fimizi biliyorduk. Rakibimizin de s\u0131k\u0131nt\u0131 durumda oldu\u011funu biliyorduk. D\u00fczg\u00fcn oynamak ve kazanma h\u0131rs\u0131n\u0131 g\u00f6stermek i\u00e7in g\u00fczel bir ma\u00e7t\u0131 fakat devreye kadar oynamamak i\u00e7in \u00e7\u0131km\u0131\u015f\u0131z \u00fczere bir imaj vard\u0131. Mak\u00fbs bir manzara vard\u0131. Oynamak istedi\u011fimiz futbolun hi\u00e7bir manzaras\u0131 yoktu! Konu\u015faca\u011f\u0131m\u0131z hi\u00e7bir \u015feyi yapmadan devre kapatt\u0131k.&#8221;<\/strong> dedi.<\/p>\n<p><strong>&#8220;BERABERL\u0130\u011eE RAZILARDI&#8221;<\/strong><\/p>\n<p> \u015eenol G\u00fcne\u015f,<strong> &#8220;Rakip beraberli\u011fe raz\u0131yd\u0131, biz de\u011fildik lakin ma\u011flup olduk. Futbolun cilvesi diyelim.&#8221; diyen \u015eenol G\u00fcne\u015f, &#8220;Tekrar s\u00f6yl\u00fcyorum, ikinci yar\u0131da en az\u0131ndan gol atma iste\u011fimiz vard\u0131. Tekrar eksiklerimiz vard\u0131. Rakip de \u00e2l\u00e2 niyetli \u00e7al\u0131\u015fman\u0131n sonunda 3 puan alarak moral buldu. Bizim i\u00e7in hayal k\u0131r\u0131kl\u0131\u011f\u0131 oldu. Hem kalitemizi hem de oyun g\u00fcc\u00fcm\u00fcz\u00fc g\u00f6steremedik ve maalesef ma\u011flup olduk.&#8221; <\/strong>s\u00f6zlerini\u00a0sarf\u00a0etti.<\/p>\n<\/div>\n","protected":false},"excerpt":{"rendered":"<p>Trendyol Harika Lig&#8217;in 26. haftas\u0131nda deplasmanda Konyaspor&#8217;a 1-0 ma\u011flup olan Trabzonspor&#8217;da teknik y\u00f6netici \u015eenol G\u00fcne\u015f, ma\u00e7 sonras\u0131 a\u00e7\u0131klamalarda bulundu.<\/p>\n","protected":false},"author":1,"featured_media":25274,"comment_status":"open","ping_status":"open","sticky":false,"template":"","format":"standard","meta":{"footnotes":""},"categories":[25],"tags":[],"class_list":["post-25273","post","type-post","status-publish","format-standard","has-post-thumbnail","hentry","category-futbol"],"_links":{"self":[{"href":"https:\/\/haberbesiktas.tr\/index.php?rest_route=\/wp\/v2\/posts\/25273","targetHints":{"allow":["GET"]}}],"collection":[{"href":"https:\/\/haberbesiktas.tr\/index.php?rest_route=\/wp\/v2\/posts"}],"about":[{"href":"https:\/\/haberbesiktas.tr\/index.php?rest_route=\/wp\/v2\/types\/post"}],"author":[{"embeddable":true,"href":"https:\/\/haberbesiktas.tr\/index.php?rest_route=\/wp\/v2\/users\/1"}],"replies":[{"embeddable":true,"href":"https:\/\/haberbesiktas.tr\/index.php?rest_route=%2Fwp%2Fv2%2Fcomments&post=25273"}],"version-history":[{"count":1,"href":"https:\/\/haberbesiktas.tr\/index.php?rest_route=\/wp\/v2\/posts\/25273\/revisions"}],"predecessor-version":[{"id":25275,"href":"https:\/\/haberbesiktas.tr\/index.php?rest_route=\/wp\/v2\/posts\/25273\/revisions\/25275"}],"wp:featuredmedia":[{"embeddable":true,"href":"https:\/\/haberbesiktas.tr\/index.php?rest_route=\/wp\/v2\/media\/25274"}],"wp:attachment":[{"href":"https:\/\/haberbesiktas.tr\/index.php?rest_route=%2Fwp%2Fv2%2Fmedia&parent=25273"}],"wp:term":[{"taxonomy":"category","embeddable":true,"href":"https:\/\/haberbesiktas.tr\/index.php?rest_route=%2Fwp%2Fv2%2Fcategories&post=25273"},{"taxonomy":"post_tag","embeddable":true,"href":"https:\/\/haberbesiktas.tr\/index.php?rest_route=%2Fwp%2Fv2%2Ftags&post=25273"}],"curies":[{"name":"wp","href":"https:\/\/api.w.org\/{rel}","templated":true}]}}