{"id":25276,"date":"2025-04-30T17:12:16","date_gmt":"2025-04-30T17:12:16","guid":{"rendered":"https:\/\/haberbesiktas.tr\/?p=25276"},"modified":"2025-04-30T17:12:16","modified_gmt":"2025-04-30T17:12:16","slug":"arseniy-batagov-bizim-icin-kotu-oldu","status":"publish","type":"post","link":"https:\/\/haberbesiktas.tr\/?p=25276","title":{"rendered":"Arseniy Batagov: &#8220;Bizim i\u00e7in k\u00f6t\u00fc oldu&#8221;"},"content":{"rendered":"<div>Trabzonspor formas\u0131 giyen Arseniy Batagov, Konyaspor ma\u00e7\u0131 sonras\u0131 konu\u015ftu.<\/p>\n<p> <strong>Batagov&#8217;un s\u00f6zleri \u015fu formda:<\/strong><\/p>\n<p> &#8220;Bizim ismimize \u00e7ok berbat bir sonu\u00e7. Ma\u00e7a istedi\u011fimiz \u00fczere ba\u015flayamad\u0131k. Yanl\u0131\u015flar yapt\u0131k. K\u0131ymetli oyuncular\u0131m\u0131z\u0131n ya\u015fad\u0131\u011f\u0131 sakatl\u0131klar da oldu. Bunlar bizi etkiledi. Birinci yar\u0131da istedi\u011fimiz f\u0131rsatlar\u0131 bulamad\u0131k. \u0130kinci yar\u0131da f\u0131rsatlar bulduk fakat de\u011ferlendiremedik. Rakibimiz buldu\u011fu tek f\u0131rsat\u0131 k\u0131ymetlendirdi. Bu \u00e7e\u015fit ma\u00e7lar\u0131 son saniyede kaybetmek maalesef \u00e7ok \u00fcz\u00fcc\u00fc oluyor.&#8221;<\/p>\n<\/div>\n","protected":false},"excerpt":{"rendered":"<p>Trabzonspor formas\u0131 giyen Arseniy Batagov, Konyaspor ma\u00e7\u0131 sonras\u0131 konu\u015ftu.<\/p>\n","protected":false},"author":1,"featured_media":25277,"comment_status":"open","ping_status":"open","sticky":false,"template":"","format":"standard","meta":{"footnotes":""},"categories":[25],"tags":[],"class_list":["post-25276","post","type-post","status-publish","format-standard","has-post-thumbnail","hentry","category-futbol"],"_links":{"self":[{"href":"https:\/\/haberbesiktas.tr\/index.php?rest_route=\/wp\/v2\/posts\/25276","targetHints":{"allow":["GET"]}}],"collection":[{"href":"https:\/\/haberbesiktas.tr\/index.php?rest_route=\/wp\/v2\/posts"}],"about":[{"href":"https:\/\/haberbesiktas.tr\/index.php?rest_route=\/wp\/v2\/types\/post"}],"author":[{"embeddable":true,"href":"https:\/\/haberbesiktas.tr\/index.php?rest_route=\/wp\/v2\/users\/1"}],"replies":[{"embeddable":true,"href":"https:\/\/haberbesiktas.tr\/index.php?rest_route=%2Fwp%2Fv2%2Fcomments&post=25276"}],"version-history":[{"count":1,"href":"https:\/\/haberbesiktas.tr\/index.php?rest_route=\/wp\/v2\/posts\/25276\/revisions"}],"predecessor-version":[{"id":25278,"href":"https:\/\/haberbesiktas.tr\/index.php?rest_route=\/wp\/v2\/posts\/25276\/revisions\/25278"}],"wp:featuredmedia":[{"embeddable":true,"href":"https:\/\/haberbesiktas.tr\/index.php?rest_route=\/wp\/v2\/media\/25277"}],"wp:attachment":[{"href":"https:\/\/haberbesiktas.tr\/index.php?rest_route=%2Fwp%2Fv2%2Fmedia&parent=25276"}],"wp:term":[{"taxonomy":"category","embeddable":true,"href":"https:\/\/haberbesiktas.tr\/index.php?rest_route=%2Fwp%2Fv2%2Fcategories&post=25276"},{"taxonomy":"post_tag","embeddable":true,"href":"https:\/\/haberbesiktas.tr\/index.php?rest_route=%2Fwp%2Fv2%2Ftags&post=25276"}],"curies":[{"name":"wp","href":"https:\/\/api.w.org\/{rel}","templated":true}]}}