{"id":25279,"date":"2025-04-30T17:24:19","date_gmt":"2025-04-30T17:24:19","guid":{"rendered":"https:\/\/haberbesiktas.tr\/?p=25279"},"modified":"2025-04-30T17:24:19","modified_gmt":"2025-04-30T17:24:19","slug":"sikan-deplasmanda-olmuyor","status":"publish","type":"post","link":"https:\/\/haberbesiktas.tr\/?p=25279","title":{"rendered":"Sikan: &#8220;Deplasmanda olmuyor&#8221;"},"content":{"rendered":"<div>Trabzonspor formas\u0131 giyen Danylo Sikan, Konyaspor m\u00fcsabakas\u0131 sonras\u0131 konu\u015ftu.<\/p>\n<p> Sikan, deplasmanlardaki mak\u00fbs serilerine dikkat \u00e7ekti.<\/p>\n<p> <strong>Danylo Sikan&#8217;\u0131n s\u00f6zleri \u015fu formda:<\/strong><\/p>\n<p> &#8220;\u00c7ok g\u00fc\u00e7 bir ma\u00e7 olaca\u011f\u0131n\u0131 biliyorduk. Deplasmanlarda kendimiz \u00fczere olam\u0131yoruz, bunun \u00fczerine gitmemiz gerekiyor. Daha yeterli olmak istiyoruz. Daha d\u00fczg\u00fcn olmaya \u00e7al\u0131\u015f\u0131yoruz. Bir sonraki ma\u00e7ta elimizden gelenin daha g\u00fczelini yapaca\u011f\u0131z.&#8221;<\/p>\n<\/div>\n","protected":false},"excerpt":{"rendered":"<p>Trabzonspor formas\u0131 giyen Danylo Sikan, Konyaspor m\u00fcsabakas\u0131 sonras\u0131 konu\u015ftu.<\/p>\n","protected":false},"author":1,"featured_media":25280,"comment_status":"open","ping_status":"open","sticky":false,"template":"","format":"standard","meta":{"footnotes":""},"categories":[25],"tags":[],"class_list":["post-25279","post","type-post","status-publish","format-standard","has-post-thumbnail","hentry","category-futbol"],"_links":{"self":[{"href":"https:\/\/haberbesiktas.tr\/index.php?rest_route=\/wp\/v2\/posts\/25279","targetHints":{"allow":["GET"]}}],"collection":[{"href":"https:\/\/haberbesiktas.tr\/index.php?rest_route=\/wp\/v2\/posts"}],"about":[{"href":"https:\/\/haberbesiktas.tr\/index.php?rest_route=\/wp\/v2\/types\/post"}],"author":[{"embeddable":true,"href":"https:\/\/haberbesiktas.tr\/index.php?rest_route=\/wp\/v2\/users\/1"}],"replies":[{"embeddable":true,"href":"https:\/\/haberbesiktas.tr\/index.php?rest_route=%2Fwp%2Fv2%2Fcomments&post=25279"}],"version-history":[{"count":1,"href":"https:\/\/haberbesiktas.tr\/index.php?rest_route=\/wp\/v2\/posts\/25279\/revisions"}],"predecessor-version":[{"id":25281,"href":"https:\/\/haberbesiktas.tr\/index.php?rest_route=\/wp\/v2\/posts\/25279\/revisions\/25281"}],"wp:featuredmedia":[{"embeddable":true,"href":"https:\/\/haberbesiktas.tr\/index.php?rest_route=\/wp\/v2\/media\/25280"}],"wp:attachment":[{"href":"https:\/\/haberbesiktas.tr\/index.php?rest_route=%2Fwp%2Fv2%2Fmedia&parent=25279"}],"wp:term":[{"taxonomy":"category","embeddable":true,"href":"https:\/\/haberbesiktas.tr\/index.php?rest_route=%2Fwp%2Fv2%2Fcategories&post=25279"},{"taxonomy":"post_tag","embeddable":true,"href":"https:\/\/haberbesiktas.tr\/index.php?rest_route=%2Fwp%2Fv2%2Ftags&post=25279"}],"curies":[{"name":"wp","href":"https:\/\/api.w.org\/{rel}","templated":true}]}}