{"id":25292,"date":"2025-04-30T18:12:16","date_gmt":"2025-04-30T18:12:16","guid":{"rendered":"https:\/\/haberbesiktas.tr\/?p=25292"},"modified":"2025-04-30T18:12:16","modified_gmt":"2025-04-30T18:12:16","slug":"milanin-gozu-xavi-hernandezde","status":"publish","type":"post","link":"https:\/\/haberbesiktas.tr\/?p=25292","title":{"rendered":"Milan&#8217;\u0131n g\u00f6z\u00fc Xavi Hernandez&#8217;de"},"content":{"rendered":"<div>\u0130talya Serie A&#8217;da beklentilerin alt\u0131nda kalan Milan, tekrar teknik y\u00f6netici de\u011fi\u015fikli\u011fine gidebilir.<\/p>\n<p> \u0130talyan tak\u0131m\u0131, aral\u0131k ay\u0131nda Paulo Fonseca ile yollar\u0131n\u0131 ay\u0131rm\u0131\u015f ve misyona Sergio Concei\u00e7ao&#8217;yu getirmi\u015fti. Concei\u00e7ao, Milan mesle\u011fine \u0130talya Muhte\u015fem Kupa ile ba\u015flasa da akabinde ge\u00e7en m\u00fcddette beklentileri kar\u015f\u0131layamad\u0131.<\/p>\n<p><strong>TEKN\u0130K Y\u00d6NET\u0130C\u0130 DE\u011e\u0130\u015e\u0130KL\u0130\u011e\u0130<\/strong><\/p>\n<p> Concei\u00e7ao ile Serie A&#8217;da oynad\u0131\u011f\u0131 son 3 ma\u00e7ta ma\u011flubiyet alan Milan, bu geli\u015fmelerin akabinde teknik y\u00f6netici de\u011fi\u015fikli\u011fini g\u00fcndemine ald\u0131.<\/p>\n<p> Fichajes&#8217;te yer alan habere nazaran, Milan&#8217;da adaylardan biri son olarak Barcelona&#8217;da misyon yapan Xavi Hernandez.<\/p>\n<p> Xavi&#8217;nin \u00fcst seviye futbol bilgisi ve Barcelona&#8217;da y\u0131ld\u0131zlarla \u00e7al\u0131\u015fma maharetiyle Milan&#8217;\u0131n yine yap\u0131lanmas\u0131nda k\u0131ymetli bir rol \u00fcstlenebilece\u011fi belirtildi.<\/p>\n<p><strong>\u0130TALYA&#8217;DAK\u0130 PERFORMANSI<\/strong><\/p>\n<p> Concei\u00e7ao&#8217;nun gelece\u011finin Milan&#8217;\u0131n \u00f6n\u00fcm\u00fczdeki haftalarda muhakkak olaca\u011f\u0131 ve Portekizli hocan\u0131n gelece\u011finin al\u0131nacak sonu\u00e7lara ba\u011fl\u0131 oldu\u011fu kaydedildi.<\/p>\n<p> Milan&#8217;\u0131n ba\u015f\u0131nda toplamda 17 ma\u00e7a \u00e7\u0131kan Concei\u00e7ao, 8 galibiyet, 3 beraberlik ve 6 ma\u011flubiyet ald\u0131.<\/p>\n<\/div>\n","protected":false},"excerpt":{"rendered":"<p>Milan, Sergio Concei\u00e7ao&#8217;nun beklentilerini kar\u015f\u0131layamamas\u0131 sonras\u0131 teknik y\u00f6netici de\u011fi\u015fikli\u011fini g\u00fcndemine ald\u0131. \u0130talyan tak\u0131m\u0131nda adaylardan biri son olarak Barcelona&#8217;da vazife alan Xavi Hernandez.<\/p>\n","protected":false},"author":1,"featured_media":25293,"comment_status":"open","ping_status":"open","sticky":false,"template":"","format":"standard","meta":{"footnotes":""},"categories":[25],"tags":[1899,645],"class_list":["post-25292","post","type-post","status-publish","format-standard","has-post-thumbnail","hentry","category-futbol","tag-conceicao","tag-milan"],"_links":{"self":[{"href":"https:\/\/haberbesiktas.tr\/index.php?rest_route=\/wp\/v2\/posts\/25292","targetHints":{"allow":["GET"]}}],"collection":[{"href":"https:\/\/haberbesiktas.tr\/index.php?rest_route=\/wp\/v2\/posts"}],"about":[{"href":"https:\/\/haberbesiktas.tr\/index.php?rest_route=\/wp\/v2\/types\/post"}],"author":[{"embeddable":true,"href":"https:\/\/haberbesiktas.tr\/index.php?rest_route=\/wp\/v2\/users\/1"}],"replies":[{"embeddable":true,"href":"https:\/\/haberbesiktas.tr\/index.php?rest_route=%2Fwp%2Fv2%2Fcomments&post=25292"}],"version-history":[{"count":1,"href":"https:\/\/haberbesiktas.tr\/index.php?rest_route=\/wp\/v2\/posts\/25292\/revisions"}],"predecessor-version":[{"id":25294,"href":"https:\/\/haberbesiktas.tr\/index.php?rest_route=\/wp\/v2\/posts\/25292\/revisions\/25294"}],"wp:featuredmedia":[{"embeddable":true,"href":"https:\/\/haberbesiktas.tr\/index.php?rest_route=\/wp\/v2\/media\/25293"}],"wp:attachment":[{"href":"https:\/\/haberbesiktas.tr\/index.php?rest_route=%2Fwp%2Fv2%2Fmedia&parent=25292"}],"wp:term":[{"taxonomy":"category","embeddable":true,"href":"https:\/\/haberbesiktas.tr\/index.php?rest_route=%2Fwp%2Fv2%2Fcategories&post=25292"},{"taxonomy":"post_tag","embeddable":true,"href":"https:\/\/haberbesiktas.tr\/index.php?rest_route=%2Fwp%2Fv2%2Ftags&post=25292"}],"curies":[{"name":"wp","href":"https:\/\/api.w.org\/{rel}","templated":true}]}}