{"id":25304,"date":"2025-04-30T19:00:13","date_gmt":"2025-04-30T19:00:13","guid":{"rendered":"https:\/\/haberbesiktas.tr\/?p=25304"},"modified":"2025-04-30T19:00:13","modified_gmt":"2025-04-30T19:00:13","slug":"bayern-munihte-sacha-boey-karari","status":"publish","type":"post","link":"https:\/\/haberbesiktas.tr\/?p=25304","title":{"rendered":"Bayern M\u00fcnih&#8217;te Sacha Boey karar\u0131!"},"content":{"rendered":"<div>Bayern M\u00fcnih, ge\u00e7en d\u00f6nemin devre ortas\u0131nda Galatasaray&#8217;dan tak\u0131m\u0131na katt\u0131\u011f\u0131 Sacha Boey ile yaz aylar\u0131nda yollar\u0131n\u0131 ay\u0131rabilir.<\/p>\n<p> Sky&#8217;da yer alan habere nazaran, Sacha Boey, sakatl\u0131klar\u0131n da tesiriyle \u015fimdi Bayern M\u00fcnih&#8217;te kendisini kan\u0131tlayamad\u0131 ve tertipli 11 oyuncu olamad\u0131.<\/p>\n<p><strong>BAYERN&#8217;DEN KARAR<\/strong><\/p>\n<p> Bayern M\u00fcnih, bu nedenlerle Sacha Boey ile yollar\u0131n\u0131 ay\u0131rmay\u0131 d\u00fc\u015f\u00fcn\u00fcyor. Alman tak\u0131m\u0131, yaz transfer periyodunda Boey i\u00e7in gelecek tekliflerin kul\u00fcp ismine uygun olmas\u0131 durumunda bu teklifleri de\u011ferlendirmeye alacak.<\/p>\n<p><strong>S\u00d6ZLE\u015eMES\u0130 VE PERFORMANSI<\/strong><\/p>\n<p> Bayern M\u00fcnih&#8217;e transferinden bu yana 13 ma\u00e7ta m\u00fchlet bulan 24 ya\u015f\u0131ndaki Sacha Boey, 1 asist yapt\u0131.<\/p>\n<p> Yeni piyasa k\u0131ymeti 18 milyon euro olarak g\u00f6sterilen Frans\u0131z futbolcunun Bayern M\u00fcnih ile 2028 y\u0131l\u0131na kadar mukavelesi bulunuyor.<\/p>\n<\/div>\n","protected":false},"excerpt":{"rendered":"<p>Bayern M\u00fcnih, yaz transfer devrinde Sacha Boey i\u00e7in uygun teklifleri de\u011ferlendirmeye alacak.<\/p>\n","protected":false},"author":1,"featured_media":25305,"comment_status":"open","ping_status":"open","sticky":false,"template":"","format":"standard","meta":{"footnotes":""},"categories":[25],"tags":[1171,2276],"class_list":["post-25304","post","type-post","status-publish","format-standard","has-post-thumbnail","hentry","category-futbol","tag-bayern-munih","tag-boey"],"_links":{"self":[{"href":"https:\/\/haberbesiktas.tr\/index.php?rest_route=\/wp\/v2\/posts\/25304","targetHints":{"allow":["GET"]}}],"collection":[{"href":"https:\/\/haberbesiktas.tr\/index.php?rest_route=\/wp\/v2\/posts"}],"about":[{"href":"https:\/\/haberbesiktas.tr\/index.php?rest_route=\/wp\/v2\/types\/post"}],"author":[{"embeddable":true,"href":"https:\/\/haberbesiktas.tr\/index.php?rest_route=\/wp\/v2\/users\/1"}],"replies":[{"embeddable":true,"href":"https:\/\/haberbesiktas.tr\/index.php?rest_route=%2Fwp%2Fv2%2Fcomments&post=25304"}],"version-history":[{"count":1,"href":"https:\/\/haberbesiktas.tr\/index.php?rest_route=\/wp\/v2\/posts\/25304\/revisions"}],"predecessor-version":[{"id":25306,"href":"https:\/\/haberbesiktas.tr\/index.php?rest_route=\/wp\/v2\/posts\/25304\/revisions\/25306"}],"wp:featuredmedia":[{"embeddable":true,"href":"https:\/\/haberbesiktas.tr\/index.php?rest_route=\/wp\/v2\/media\/25305"}],"wp:attachment":[{"href":"https:\/\/haberbesiktas.tr\/index.php?rest_route=%2Fwp%2Fv2%2Fmedia&parent=25304"}],"wp:term":[{"taxonomy":"category","embeddable":true,"href":"https:\/\/haberbesiktas.tr\/index.php?rest_route=%2Fwp%2Fv2%2Fcategories&post=25304"},{"taxonomy":"post_tag","embeddable":true,"href":"https:\/\/haberbesiktas.tr\/index.php?rest_route=%2Fwp%2Fv2%2Ftags&post=25304"}],"curies":[{"name":"wp","href":"https:\/\/api.w.org\/{rel}","templated":true}]}}