{"id":25307,"date":"2025-04-30T19:12:30","date_gmt":"2025-04-30T19:12:30","guid":{"rendered":"https:\/\/haberbesiktas.tr\/?p=25307"},"modified":"2025-04-30T19:12:30","modified_gmt":"2025-04-30T19:12:30","slug":"edin-dzeko-bosna-hersek-aday-kadrosuna-cagrildi","status":"publish","type":"post","link":"https:\/\/haberbesiktas.tr\/?p=25307","title":{"rendered":"Edin Dzeko, Bosna Hersek aday kadrosuna \u00e7a\u011fr\u0131ld\u0131!"},"content":{"rendered":"<div><span>Bosna Hersek Ulusal Kadrosu&#8217;nun D\u00fcnya Kupas\u0131 elemelerinde Romanya ve G\u00fcney K\u0131br\u0131s ile oynayaca\u011f\u0131 ma\u00e7lar\u0131n aday tak\u0131m\u0131 duyuruldu.<\/p>\n<p>Fenerbah\u00e7e&#8217;den Edin Dzeko ve Kas\u0131mpa\u015fa&#8217;dan Haris Hajradinovic, Bosna Hersek aday tak\u0131m\u0131nda kendine yer buldu.<\/p>\n<p>Balkan \u00fclkesinin aday tak\u0131m\u0131 \u015fu formda:<\/p>\n<p><img decoding=\"async\" src=\"https:\/\/haberbesiktas.tr\/wp-content\/uploads\/2025\/04\/edin-dzeko-bosna-hersek-aday-kadrosuna-cagrildi-0-phB61JzA.jpg\"\/><br \/><\/span><\/div>\n","protected":false},"excerpt":{"rendered":"<p>Bosna Hersek Ulusal Ekibi&#8217;nin D\u00fcnya Kupas\u0131 elemelerinde Romanya ve G\u00fcney K\u0131br\u0131s ile oynayaca\u011f\u0131 ma\u00e7lar\u0131n aday tak\u0131m\u0131 a\u00e7\u0131kland\u0131.<\/p>\n","protected":false},"author":1,"featured_media":25308,"comment_status":"open","ping_status":"open","sticky":false,"template":"","format":"standard","meta":{"footnotes":""},"categories":[25],"tags":[],"class_list":["post-25307","post","type-post","status-publish","format-standard","has-post-thumbnail","hentry","category-futbol"],"_links":{"self":[{"href":"https:\/\/haberbesiktas.tr\/index.php?rest_route=\/wp\/v2\/posts\/25307","targetHints":{"allow":["GET"]}}],"collection":[{"href":"https:\/\/haberbesiktas.tr\/index.php?rest_route=\/wp\/v2\/posts"}],"about":[{"href":"https:\/\/haberbesiktas.tr\/index.php?rest_route=\/wp\/v2\/types\/post"}],"author":[{"embeddable":true,"href":"https:\/\/haberbesiktas.tr\/index.php?rest_route=\/wp\/v2\/users\/1"}],"replies":[{"embeddable":true,"href":"https:\/\/haberbesiktas.tr\/index.php?rest_route=%2Fwp%2Fv2%2Fcomments&post=25307"}],"version-history":[{"count":1,"href":"https:\/\/haberbesiktas.tr\/index.php?rest_route=\/wp\/v2\/posts\/25307\/revisions"}],"predecessor-version":[{"id":25310,"href":"https:\/\/haberbesiktas.tr\/index.php?rest_route=\/wp\/v2\/posts\/25307\/revisions\/25310"}],"wp:featuredmedia":[{"embeddable":true,"href":"https:\/\/haberbesiktas.tr\/index.php?rest_route=\/wp\/v2\/media\/25308"}],"wp:attachment":[{"href":"https:\/\/haberbesiktas.tr\/index.php?rest_route=%2Fwp%2Fv2%2Fmedia&parent=25307"}],"wp:term":[{"taxonomy":"category","embeddable":true,"href":"https:\/\/haberbesiktas.tr\/index.php?rest_route=%2Fwp%2Fv2%2Fcategories&post=25307"},{"taxonomy":"post_tag","embeddable":true,"href":"https:\/\/haberbesiktas.tr\/index.php?rest_route=%2Fwp%2Fv2%2Ftags&post=25307"}],"curies":[{"name":"wp","href":"https:\/\/api.w.org\/{rel}","templated":true}]}}