{"id":25311,"date":"2025-04-30T19:24:16","date_gmt":"2025-04-30T19:24:16","guid":{"rendered":"https:\/\/haberbesiktas.tr\/?p=25311"},"modified":"2025-04-30T19:24:16","modified_gmt":"2025-04-30T19:24:16","slug":"yusuf-akcicek-icin-geliyorlar","status":"publish","type":"post","link":"https:\/\/haberbesiktas.tr\/?p=25311","title":{"rendered":"Yusuf Ak\u00e7i\u00e7ek i\u00e7in geliyorlar!"},"content":{"rendered":"<div>Fenerbah\u00e7e&#8217;nin gen\u00e7 futbolcusu Yusuf Ak\u00e7i\u00e7ek, Rangers ile oynanacak Avrupa Ligi ma\u00e7\u0131nda bir defa daha Avrupa gruplar\u0131 taraf\u0131ndan yak\u0131ndan takip edilecek.<\/p>\n<p> Bayern M\u00fcnih, Bayer Leverkusen ve Tottenham, 19 ya\u015f\u0131ndaki futbolcuyu Rangers ile oynanacak ma\u00e7ta trib\u00fcnden takip edecek.<\/p>\n<p><strong>ANDERLECHT MA\u00c7INDA \u0130ZLEND\u0130<\/strong><\/p>\n<p> Bayern M\u00fcnih, daha evvel Anderlecht ma\u00e7\u0131nda Yusuf Ak\u00e7i\u00e7ek&#8217;i trib\u00fcnden izlemi\u015fti.<\/p>\n<p><strong>BU D\u00d6NEM PERFORMANSI<\/strong><\/p>\n<p> Fenerbah\u00e7e&#8217;nin ligde Antalyaspor ile oynad\u0131\u011f\u0131 ma\u00e7ta m\u00fcddet bulamayan Yusuf Ak\u00e7i\u00e7ek&#8217;in Rangers m\u00fcsabakas\u0131nda 11&#8217;de misyon yapmas\u0131 bekleniyor.<\/p>\n<p> Fenerbah\u00e7e&#8217;de bu d\u00f6nem 13 ma\u00e7ta m\u00fchlet bulan Yusuf Ak\u00e7i\u00e7ek, 2 kere gol sevinci ya\u015fad\u0131.<\/p>\n<\/div>\n","protected":false},"excerpt":{"rendered":"<p>Bayern M\u00fcnih, Bayer Leverkusen ve Tottenham, Fenerbah\u00e7eli Yusuf Ak\u00e7i\u00e7ek&#8217;i Rangers ile oynanacak Avrupa Ligi ma\u00e7\u0131nda trib\u00fcnden takip edecek.<\/p>\n","protected":false},"author":1,"featured_media":25312,"comment_status":"open","ping_status":"open","sticky":false,"template":"","format":"standard","meta":{"footnotes":""},"categories":[25],"tags":[],"class_list":["post-25311","post","type-post","status-publish","format-standard","has-post-thumbnail","hentry","category-futbol"],"_links":{"self":[{"href":"https:\/\/haberbesiktas.tr\/index.php?rest_route=\/wp\/v2\/posts\/25311","targetHints":{"allow":["GET"]}}],"collection":[{"href":"https:\/\/haberbesiktas.tr\/index.php?rest_route=\/wp\/v2\/posts"}],"about":[{"href":"https:\/\/haberbesiktas.tr\/index.php?rest_route=\/wp\/v2\/types\/post"}],"author":[{"embeddable":true,"href":"https:\/\/haberbesiktas.tr\/index.php?rest_route=\/wp\/v2\/users\/1"}],"replies":[{"embeddable":true,"href":"https:\/\/haberbesiktas.tr\/index.php?rest_route=%2Fwp%2Fv2%2Fcomments&post=25311"}],"version-history":[{"count":1,"href":"https:\/\/haberbesiktas.tr\/index.php?rest_route=\/wp\/v2\/posts\/25311\/revisions"}],"predecessor-version":[{"id":25313,"href":"https:\/\/haberbesiktas.tr\/index.php?rest_route=\/wp\/v2\/posts\/25311\/revisions\/25313"}],"wp:featuredmedia":[{"embeddable":true,"href":"https:\/\/haberbesiktas.tr\/index.php?rest_route=\/wp\/v2\/media\/25312"}],"wp:attachment":[{"href":"https:\/\/haberbesiktas.tr\/index.php?rest_route=%2Fwp%2Fv2%2Fmedia&parent=25311"}],"wp:term":[{"taxonomy":"category","embeddable":true,"href":"https:\/\/haberbesiktas.tr\/index.php?rest_route=%2Fwp%2Fv2%2Fcategories&post=25311"},{"taxonomy":"post_tag","embeddable":true,"href":"https:\/\/haberbesiktas.tr\/index.php?rest_route=%2Fwp%2Fv2%2Ftags&post=25311"}],"curies":[{"name":"wp","href":"https:\/\/api.w.org\/{rel}","templated":true}]}}