{"id":25314,"date":"2025-04-30T19:36:14","date_gmt":"2025-04-30T19:36:14","guid":{"rendered":"https:\/\/haberbesiktas.tr\/?p=25314"},"modified":"2025-04-30T19:36:14","modified_gmt":"2025-04-30T19:36:14","slug":"szczesnyden-barcelona-ve-gelecek-aciklamasi","status":"publish","type":"post","link":"https:\/\/haberbesiktas.tr\/?p=25314","title":{"rendered":"Szczesny&#8217;den Barcelona ve gelecek a\u00e7\u0131klamas\u0131!"},"content":{"rendered":"<div>Barcelona kalecisi Wojciech Szczesny, mesle\u011finin gelece\u011fi ve Barcelona&#8217;daki tecr\u00fcbeleri hakk\u0131nda a\u00e7\u0131klamalarda bulundu.<\/p>\n<p>Gelece\u011fi hakk\u0131nda sorulan soruya kar\u015f\u0131l\u0131k olarak\u00a0Szczesny,\u00a0&#8220;Barcelona&#8217;da m\u00fckemmel vakit ge\u00e7iriyorum. Ailem keyifli, e\u015fim burada olmay\u0131 seviyor. Her \u015feye a\u00e7\u0131\u011f\u0131m.&#8221; kelamlar\u0131n\u0131 sarf etti.<\/p>\n<p>Bu d\u00f6nem Barcelona kalesini 13 kez koruyan Polonyal\u0131 kaleci, kalesini 7 ma\u00e7ta gole kapat\u0131rken 13 gol yedi.<\/p><\/div>\n","protected":false},"excerpt":{"rendered":"<p>Barcelona kalecisi Wojciech Szczesny, gelece\u011fi ve Barcelona g\u00fcnleri hakk\u0131nda konu\u015ftu.<\/p>\n","protected":false},"author":1,"featured_media":25315,"comment_status":"open","ping_status":"open","sticky":false,"template":"","format":"standard","meta":{"footnotes":""},"categories":[25],"tags":[],"class_list":["post-25314","post","type-post","status-publish","format-standard","has-post-thumbnail","hentry","category-futbol"],"_links":{"self":[{"href":"https:\/\/haberbesiktas.tr\/index.php?rest_route=\/wp\/v2\/posts\/25314","targetHints":{"allow":["GET"]}}],"collection":[{"href":"https:\/\/haberbesiktas.tr\/index.php?rest_route=\/wp\/v2\/posts"}],"about":[{"href":"https:\/\/haberbesiktas.tr\/index.php?rest_route=\/wp\/v2\/types\/post"}],"author":[{"embeddable":true,"href":"https:\/\/haberbesiktas.tr\/index.php?rest_route=\/wp\/v2\/users\/1"}],"replies":[{"embeddable":true,"href":"https:\/\/haberbesiktas.tr\/index.php?rest_route=%2Fwp%2Fv2%2Fcomments&post=25314"}],"version-history":[{"count":1,"href":"https:\/\/haberbesiktas.tr\/index.php?rest_route=\/wp\/v2\/posts\/25314\/revisions"}],"predecessor-version":[{"id":25316,"href":"https:\/\/haberbesiktas.tr\/index.php?rest_route=\/wp\/v2\/posts\/25314\/revisions\/25316"}],"wp:featuredmedia":[{"embeddable":true,"href":"https:\/\/haberbesiktas.tr\/index.php?rest_route=\/wp\/v2\/media\/25315"}],"wp:attachment":[{"href":"https:\/\/haberbesiktas.tr\/index.php?rest_route=%2Fwp%2Fv2%2Fmedia&parent=25314"}],"wp:term":[{"taxonomy":"category","embeddable":true,"href":"https:\/\/haberbesiktas.tr\/index.php?rest_route=%2Fwp%2Fv2%2Fcategories&post=25314"},{"taxonomy":"post_tag","embeddable":true,"href":"https:\/\/haberbesiktas.tr\/index.php?rest_route=%2Fwp%2Fv2%2Ftags&post=25314"}],"curies":[{"name":"wp","href":"https:\/\/api.w.org\/{rel}","templated":true}]}}