{"id":25317,"date":"2025-04-30T19:48:13","date_gmt":"2025-04-30T19:48:13","guid":{"rendered":"https:\/\/haberbesiktas.tr\/?p=25317"},"modified":"2025-04-30T19:48:13","modified_gmt":"2025-04-30T19:48:13","slug":"milanda-reijndersa-yeni-sozlesme","status":"publish","type":"post","link":"https:\/\/haberbesiktas.tr\/?p=25317","title":{"rendered":"Milan&#8217;da Reijnders&#8217;a yeni s\u00f6zle\u015fme!"},"content":{"rendered":"<div>Milan, bu d\u00f6nem performans\u0131yla dikkat \u00e7eken Tijjani Reijnders ile yeni kontrat imzalad\u0131.<\/p>\n<p> \u0130talyan tak\u0131m\u0131, mukavelesi 2028 y\u0131l\u0131nda bitecek 26 ya\u015f\u0131ndaki futbolcunun kontrat\u0131n\u0131 2030 y\u0131l\u0131na kadar uzatt\u0131.<\/p>\n<p> Yeni kontrat\u0131n\u0131n akabinde a\u00e7\u0131klamalarda bulunan Hollandal\u0131 orta saha oyuncusu,<strong> &#8220;S\u00f6zle\u015fmem yenilendi\u011fi i\u00e7in \u00e7ok gururluyum. Milan bana bir aile \u00fczere hissettiriyor. \u00d6n\u00fcm\u00fczdeki periyodu sab\u0131rs\u0131zl\u0131kla bekliyorum.&#8221;<\/strong> dedi.<\/p>\n<p> Teklifler almas\u0131na kar\u015f\u0131n Milan&#8217;da kalmay\u0131 tercih etti\u011fini s\u00f6yleyen Reijnders<strong>, &#8220;Buras\u0131 benim ikinci konutum \u00fczere. Bu y\u00fczden kontrat imzalad\u0131m. \u00c7ok memnunum.&#8221;<\/strong> kelamlar\u0131n\u0131 sarf etti.<\/p>\n<p> Milan&#8217;da bu d\u00f6nem 30 ma\u00e7ta m\u00fchlet bulan ba\u015far\u0131l\u0131 futbolcu, 12 gol att\u0131 ve 3 asist yapt\u0131.<\/p>\n<\/div>\n","protected":false},"excerpt":{"rendered":"<p>Milan, Tijjani Reijnders&#8217;\u0131n 2028&#8217;de bitecek mukavelesini 2030 y\u0131l\u0131na kadar uzatt\u0131.<\/p>\n","protected":false},"author":1,"featured_media":25318,"comment_status":"open","ping_status":"open","sticky":false,"template":"","format":"standard","meta":{"footnotes":""},"categories":[25],"tags":[69],"class_list":["post-25317","post","type-post","status-publish","format-standard","has-post-thumbnail","hentry","category-futbol","tag-sozlesme"],"_links":{"self":[{"href":"https:\/\/haberbesiktas.tr\/index.php?rest_route=\/wp\/v2\/posts\/25317","targetHints":{"allow":["GET"]}}],"collection":[{"href":"https:\/\/haberbesiktas.tr\/index.php?rest_route=\/wp\/v2\/posts"}],"about":[{"href":"https:\/\/haberbesiktas.tr\/index.php?rest_route=\/wp\/v2\/types\/post"}],"author":[{"embeddable":true,"href":"https:\/\/haberbesiktas.tr\/index.php?rest_route=\/wp\/v2\/users\/1"}],"replies":[{"embeddable":true,"href":"https:\/\/haberbesiktas.tr\/index.php?rest_route=%2Fwp%2Fv2%2Fcomments&post=25317"}],"version-history":[{"count":1,"href":"https:\/\/haberbesiktas.tr\/index.php?rest_route=\/wp\/v2\/posts\/25317\/revisions"}],"predecessor-version":[{"id":25319,"href":"https:\/\/haberbesiktas.tr\/index.php?rest_route=\/wp\/v2\/posts\/25317\/revisions\/25319"}],"wp:featuredmedia":[{"embeddable":true,"href":"https:\/\/haberbesiktas.tr\/index.php?rest_route=\/wp\/v2\/media\/25318"}],"wp:attachment":[{"href":"https:\/\/haberbesiktas.tr\/index.php?rest_route=%2Fwp%2Fv2%2Fmedia&parent=25317"}],"wp:term":[{"taxonomy":"category","embeddable":true,"href":"https:\/\/haberbesiktas.tr\/index.php?rest_route=%2Fwp%2Fv2%2Fcategories&post=25317"},{"taxonomy":"post_tag","embeddable":true,"href":"https:\/\/haberbesiktas.tr\/index.php?rest_route=%2Fwp%2Fv2%2Ftags&post=25317"}],"curies":[{"name":"wp","href":"https:\/\/api.w.org\/{rel}","templated":true}]}}