{"id":25323,"date":"2025-04-30T20:12:16","date_gmt":"2025-04-30T20:12:16","guid":{"rendered":"https:\/\/haberbesiktas.tr\/?p=25323"},"modified":"2025-04-30T20:12:16","modified_gmt":"2025-04-30T20:12:16","slug":"onana-manchester-uniteddan-ayrilmak-istemiyor","status":"publish","type":"post","link":"https:\/\/haberbesiktas.tr\/?p=25323","title":{"rendered":"Onana, Manchester United&#8217;dan ayr\u0131lmak istemiyor!"},"content":{"rendered":"<div>Manchester United&#8217;\u0131n 2023 yaz\u0131nda tak\u0131m\u0131na katt\u0131\u011f\u0131 Andre Onana i\u00e7in dikkat \u00e7eken bir sav g\u00fcndeme geldi.<\/p>\n<p> \u0130ngiliz bas\u0131n\u0131nda yer alan habere nazaran, Manchester United&#8217;\u0131n teknik y\u00f6neticisi Ruben Amorim, yaz aylar\u0131nda yeni bir kaleci transferi yapmak istiyor.<\/p>\n<p> Andre Onana ise gelecek d\u00f6nem da Manchester United&#8217;da kalmak istiyor ve kul\u00fcpten ayr\u0131lmay\u0131 d\u00fc\u015f\u00fcnm\u00fcyor.<\/p>\n<p> Yeni piyasa bedeli 35 milyon euro olarak g\u00f6sterilen 28 ya\u015f\u0131ndaki kalecinin Manchester United ile kontrat\u0131 2028 y\u0131l\u0131na kadar devam ediyor.<\/p>\n<\/div>\n","protected":false},"excerpt":{"rendered":"<p>Manchester United Teknik Y\u00f6neticisi Ruben Amorim, yaz aylar\u0131nda yeni bir kaleci transferi yapmak istiyor. Manchester United&#8217;\u0131n mevcut kalecisi Andre Onana ise kul\u00fcpten ayr\u0131lmak istemiyor.<\/p>\n","protected":false},"author":1,"featured_media":25324,"comment_status":"open","ping_status":"open","sticky":false,"template":"","format":"standard","meta":{"footnotes":""},"categories":[25],"tags":[],"class_list":["post-25323","post","type-post","status-publish","format-standard","has-post-thumbnail","hentry","category-futbol"],"_links":{"self":[{"href":"https:\/\/haberbesiktas.tr\/index.php?rest_route=\/wp\/v2\/posts\/25323","targetHints":{"allow":["GET"]}}],"collection":[{"href":"https:\/\/haberbesiktas.tr\/index.php?rest_route=\/wp\/v2\/posts"}],"about":[{"href":"https:\/\/haberbesiktas.tr\/index.php?rest_route=\/wp\/v2\/types\/post"}],"author":[{"embeddable":true,"href":"https:\/\/haberbesiktas.tr\/index.php?rest_route=\/wp\/v2\/users\/1"}],"replies":[{"embeddable":true,"href":"https:\/\/haberbesiktas.tr\/index.php?rest_route=%2Fwp%2Fv2%2Fcomments&post=25323"}],"version-history":[{"count":1,"href":"https:\/\/haberbesiktas.tr\/index.php?rest_route=\/wp\/v2\/posts\/25323\/revisions"}],"predecessor-version":[{"id":25325,"href":"https:\/\/haberbesiktas.tr\/index.php?rest_route=\/wp\/v2\/posts\/25323\/revisions\/25325"}],"wp:featuredmedia":[{"embeddable":true,"href":"https:\/\/haberbesiktas.tr\/index.php?rest_route=\/wp\/v2\/media\/25324"}],"wp:attachment":[{"href":"https:\/\/haberbesiktas.tr\/index.php?rest_route=%2Fwp%2Fv2%2Fmedia&parent=25323"}],"wp:term":[{"taxonomy":"category","embeddable":true,"href":"https:\/\/haberbesiktas.tr\/index.php?rest_route=%2Fwp%2Fv2%2Fcategories&post=25323"},{"taxonomy":"post_tag","embeddable":true,"href":"https:\/\/haberbesiktas.tr\/index.php?rest_route=%2Fwp%2Fv2%2Ftags&post=25323"}],"curies":[{"name":"wp","href":"https:\/\/api.w.org\/{rel}","templated":true}]}}