{"id":25331,"date":"2025-04-30T21:00:23","date_gmt":"2025-04-30T21:00:23","guid":{"rendered":"https:\/\/haberbesiktas.tr\/?p=25331"},"modified":"2025-04-30T21:00:23","modified_gmt":"2025-04-30T21:00:23","slug":"basaksehire-tek-gol-yetti","status":"publish","type":"post","link":"https:\/\/haberbesiktas.tr\/?p=25331","title":{"rendered":"Ba\u015fak\u015fehir&#8217;e tek gol yetti!"},"content":{"rendered":"<div>S\u00fcper Lig&#8217;in 26. haftas\u0131nda Ba\u015fak\u015fehir, alan\u0131nda Sivasspor ile kar\u015f\u0131 kar\u015f\u0131ya geldi. Ba\u015fak\u015fehir Fatih Terim Stadyumu&#8217;ndaki ma\u00e7\u0131 mesken sahibi grup 1-0&#8217;l\u0131k skorla kazand\u0131.<\/p>\n<p> Ba\u015fak\u015fehir&#8217;e galibiyeti getiren gol\u00fc 9. dakikada Deniz T\u00fcr\u00fc\u00e7 att\u0131.<\/p>\n<p> Ba\u015fak\u015fehir, bu galibiyetle birlikte ligde iki ma\u00e7\u0131n akabinde 3 puan ald\u0131. Sivasspor&#8217;un ligdeki galibiyet hasreti 5 ma\u00e7a y\u00fckseldi.<\/p>\n<p> Bu sonucun ard\u0131ndan Ba\u015fak\u015fehir, ligde 36 puana y\u00fckseldi. Sivasspor, 24 puanda kald\u0131.<\/p>\n<p> Ligin bir sonraki haftas\u0131nda Ba\u015fak\u015fehir, Kayserispor ile deplasmanda kar\u015f\u0131 kar\u015f\u0131ya gelecek. Sivasspor, alan\u0131nda G\u00f6ztepe&#8217;yi konuk edecek.<\/p>\n<p> <strong>MA\u00c7TAN DAK\u0130KALAR (\u0130LK YARI)<\/strong><\/p>\n<p> <strong>9. dakikada RAMS Ba\u015fak\u015fehir \u00f6ne ge\u00e7ti. Sa\u011f kanatta Emirhan Ba\u015fyi\u011fit ile son \u00e7izgide girdi\u011fi ikili gayrette topun sahibi olan Kemen, pas\u0131n\u0131 Piatek&#8217;e verdi. Polonyal\u0131 santrforun ceza alan\u0131 i\u00e7i sa\u011f \u00e7aprazdan sert \u015futunda me\u015fin yuvarla\u011f\u0131 kaleci Nikolic \u00e7eldi. Deniz T\u00fcr\u00fc\u00e7, d\u00f6nen topu bekletmeden tamamlayarak filelere g\u00f6nderdi: 1-0<\/strong><\/p>\n<p> 19. dakikada Deniz T\u00fcr\u00fc\u00e7&#8217;\u00fcn soldan kulland\u0131\u011f\u0131 kornerde Piatek&#8217;in ceza alan\u0131 i\u00e7inde yapt\u0131\u011f\u0131 tek vuru\u015fta, me\u015fin yuvarlak dire\u011fin yan\u0131ndan auta \u00e7\u0131kt\u0131.<\/p>\n<p> 39. dakikada Kemen&#8217;in orta sahan\u0131n biraz ilerisinden orta pas\u0131nda savunman\u0131n ard\u0131na sarkan ve topu denetim eden \u00d6mer Ali \u015eahiner, ceza alan\u0131na girdikten sonra \u015futunu \u00e7\u0131kard\u0131 lakin kaleci Nikolic gole m\u00fcsaade vermedi.<\/p>\n<p> Ba\u015fak\u015fehir, soyunma odas\u0131na 1-0 \u00f6nde girdi.<\/p>\n<p> <strong>MA\u00c7TAN DAK\u0130KALAR (\u0130K\u0130NC\u0130 YARI B\u0130RAZDAN)<\/strong><\/p>\n<\/div>\n","protected":false},"excerpt":{"rendered":"<p>S\u00fcper Lig&#8217;de Ba\u015fak\u015fehir, Sivasspor&#8217;u alan\u0131nda 1-0&#8217;l\u0131k skorla ma\u011flup etti.<\/p>\n","protected":false},"author":1,"featured_media":25332,"comment_status":"open","ping_status":"open","sticky":false,"template":"","format":"standard","meta":{"footnotes":""},"categories":[25],"tags":[301,1166],"class_list":["post-25331","post","type-post","status-publish","format-standard","has-post-thumbnail","hentry","category-futbol","tag-basaksehir","tag-sahasi"],"_links":{"self":[{"href":"https:\/\/haberbesiktas.tr\/index.php?rest_route=\/wp\/v2\/posts\/25331","targetHints":{"allow":["GET"]}}],"collection":[{"href":"https:\/\/haberbesiktas.tr\/index.php?rest_route=\/wp\/v2\/posts"}],"about":[{"href":"https:\/\/haberbesiktas.tr\/index.php?rest_route=\/wp\/v2\/types\/post"}],"author":[{"embeddable":true,"href":"https:\/\/haberbesiktas.tr\/index.php?rest_route=\/wp\/v2\/users\/1"}],"replies":[{"embeddable":true,"href":"https:\/\/haberbesiktas.tr\/index.php?rest_route=%2Fwp%2Fv2%2Fcomments&post=25331"}],"version-history":[{"count":1,"href":"https:\/\/haberbesiktas.tr\/index.php?rest_route=\/wp\/v2\/posts\/25331\/revisions"}],"predecessor-version":[{"id":25333,"href":"https:\/\/haberbesiktas.tr\/index.php?rest_route=\/wp\/v2\/posts\/25331\/revisions\/25333"}],"wp:featuredmedia":[{"embeddable":true,"href":"https:\/\/haberbesiktas.tr\/index.php?rest_route=\/wp\/v2\/media\/25332"}],"wp:attachment":[{"href":"https:\/\/haberbesiktas.tr\/index.php?rest_route=%2Fwp%2Fv2%2Fmedia&parent=25331"}],"wp:term":[{"taxonomy":"category","embeddable":true,"href":"https:\/\/haberbesiktas.tr\/index.php?rest_route=%2Fwp%2Fv2%2Fcategories&post=25331"},{"taxonomy":"post_tag","embeddable":true,"href":"https:\/\/haberbesiktas.tr\/index.php?rest_route=%2Fwp%2Fv2%2Ftags&post=25331"}],"curies":[{"name":"wp","href":"https:\/\/api.w.org\/{rel}","templated":true}]}}