{"id":25409,"date":"2025-05-01T02:12:11","date_gmt":"2025-05-01T02:12:11","guid":{"rendered":"https:\/\/haberbesiktas.tr\/?p=25409"},"modified":"2025-05-01T02:12:11","modified_gmt":"2025-05-01T02:12:11","slug":"turk-telekomun-hedefi-ceyrek-final","status":"publish","type":"post","link":"https:\/\/haberbesiktas.tr\/?p=25409","title":{"rendered":"T\u00fcrk Telekom&#8217;un hedefi \u00e7eyrek final"},"content":{"rendered":"<div>T\u00fcrk Telekom Erkek Basketbol Kadrosu, BKT Avrupa Kupas\u0131 8&#8217;li final etab\u0131nda Karada\u011f tak\u0131m\u0131 Buducnost VOLI&#8217;yi konuk edecek.<\/p>\n<p> Ankara Spor Salonu&#8217;nda oynanacak \u00e7aba, saat 19.30&#8217;da ba\u015flayacak.<\/p>\n<p> Ola\u011fan d\u00f6nemi B K\u00fcmesi&#8217;nde 10 galibiyet 8 yenilgiyle 3. s\u0131rada tamamlayan T\u00fcrk Telekom, A Grubu&#8217;nu 9 galibiyet 9 yenilgiyle 6. s\u0131rada bitiren Buducnost VOLI ile 8&#8217;li final etab\u0131nda e\u015fle\u015fti.<\/p>\n<p> Ba\u015f\u015fehir temsilcisi, tek ma\u00e7 \u00fczerinden oynanacak etab\u0131 kazanmas\u0131 durumunda \u00e7eyrek finale y\u00fckselme ba\u015far\u0131s\u0131 g\u00f6sterecek.<\/p>\n<p> Karada\u011f tak\u0131m\u0131yla daha evvel 4 sefer kar\u015f\u0131la\u015fan T\u00fcrk Telekom&#8217;un rakibi kar\u015f\u0131s\u0131nda hezimeti bulunmuyor.<\/p>\n<\/div>\n","protected":false},"excerpt":{"rendered":"<p>T\u00fcrk Telekom, BKT Avrupa Kupas\u0131 8&#8217;li final etab\u0131nda Buducnost VOLI&#8217;yi a\u011f\u0131rlayacak.<\/p>\n","protected":false},"author":1,"featured_media":25410,"comment_status":"open","ping_status":"open","sticky":false,"template":"","format":"standard","meta":{"footnotes":""},"categories":[10],"tags":[],"class_list":["post-25409","post","type-post","status-publish","format-standard","has-post-thumbnail","hentry","category-basketbol"],"_links":{"self":[{"href":"https:\/\/haberbesiktas.tr\/index.php?rest_route=\/wp\/v2\/posts\/25409","targetHints":{"allow":["GET"]}}],"collection":[{"href":"https:\/\/haberbesiktas.tr\/index.php?rest_route=\/wp\/v2\/posts"}],"about":[{"href":"https:\/\/haberbesiktas.tr\/index.php?rest_route=\/wp\/v2\/types\/post"}],"author":[{"embeddable":true,"href":"https:\/\/haberbesiktas.tr\/index.php?rest_route=\/wp\/v2\/users\/1"}],"replies":[{"embeddable":true,"href":"https:\/\/haberbesiktas.tr\/index.php?rest_route=%2Fwp%2Fv2%2Fcomments&post=25409"}],"version-history":[{"count":1,"href":"https:\/\/haberbesiktas.tr\/index.php?rest_route=\/wp\/v2\/posts\/25409\/revisions"}],"predecessor-version":[{"id":25411,"href":"https:\/\/haberbesiktas.tr\/index.php?rest_route=\/wp\/v2\/posts\/25409\/revisions\/25411"}],"wp:featuredmedia":[{"embeddable":true,"href":"https:\/\/haberbesiktas.tr\/index.php?rest_route=\/wp\/v2\/media\/25410"}],"wp:attachment":[{"href":"https:\/\/haberbesiktas.tr\/index.php?rest_route=%2Fwp%2Fv2%2Fmedia&parent=25409"}],"wp:term":[{"taxonomy":"category","embeddable":true,"href":"https:\/\/haberbesiktas.tr\/index.php?rest_route=%2Fwp%2Fv2%2Fcategories&post=25409"},{"taxonomy":"post_tag","embeddable":true,"href":"https:\/\/haberbesiktas.tr\/index.php?rest_route=%2Fwp%2Fv2%2Ftags&post=25409"}],"curies":[{"name":"wp","href":"https:\/\/api.w.org\/{rel}","templated":true}]}}