{"id":2545,"date":"2025-01-10T22:30:48","date_gmt":"2025-01-10T22:30:48","guid":{"rendered":"https:\/\/haberbesiktas.tr\/?p=2545"},"modified":"2025-01-10T22:30:48","modified_gmt":"2025-01-10T22:30:48","slug":"anderson-talisca-mac-kadrosuna-alinmadi","status":"publish","type":"post","link":"https:\/\/haberbesiktas.tr\/?p=2545","title":{"rendered":"Anderson Talisca ma\u00e7 kadrosuna al\u0131nmad\u0131"},"content":{"rendered":"<div>Al-Nasr Teknik Y\u00f6neticisi Stefano Pioli, Fenerbah\u00e7e ile devam eden transfer s\u00fcreci nedeniyle Anderson Talisca&#8217;y\u0131 Al-Akhdoud ma\u00e7\u0131 tak\u0131m\u0131na almad\u0131.<\/p>\n<p> Arriyadiyah&#8217;ta yer alan haberde; Brezilyal\u0131 y\u0131ld\u0131z\u0131n Fenerbah\u00e7e&#8217;ye transfer s\u00fcrecinde oldu\u011fu kul\u00fcp idaresi taraf\u0131ndan Pioli&#8217;ye bildirildi. Ma\u00e7 \u00f6ncesi taktik antrenmanlar\u0131na da dahil edilmeyen Talisca, yaln\u0131zca kondisyon idman\u0131 yapt\u0131.<\/p>\n<p> <strong>MAA\u015eI SPONSORLARDAN<\/strong><\/p>\n<p> Talisca, Fenerbah\u00e7e&#8217;nin devre ortas\u0131ndaki birinci transferi olacak.<\/p>\n<p> Limitlerden \u00f6t\u00fcr\u00fc d\u00f6nem sonuna kadar kiral\u0131k olarak forma giyecek olan sambac\u0131n\u0131n haziran ay\u0131 sonunda ise zarur\u00ee sat\u0131n alma unsuru devreye girecek. Talisca&#8217;n\u0131n mecbur\u00ee sat\u0131n alma opsiyonu 5 milyon euro olacak.<\/p>\n<p> D\u00f6nemin ikinci yar\u0131s\u0131nda ise Talisca&#8217;n\u0131n maa\u015f\u0131 sponsorlar taraf\u0131ndan kar\u015f\u0131lanacak.<\/p>\n<p> <strong>T\u00dcRK\u0130YE&#8217;DE 80 MA\u00c7<\/strong><\/p>\n<p> \u0130ki d\u00f6nem Be\u015fikta\u015f formas\u0131 giyen Talisca, siyah-beyazl\u0131larla t\u00fcm kulvarlarda 80 ma\u00e7a \u00e7\u0131kt\u0131. Bu ma\u00e7larda 37 gol atan Brezilyal\u0131, 14 sefer da kadro arkada\u015flar\u0131na gol pas\u0131 verdi.<\/p>\n<p> Bu d\u00f6nem Al- Nassr formas\u0131yla, Suudi Pro Ligi, Kral Kupas\u0131, Suudi Muhte\u015fem Kupas\u0131 ve Afrika \u015eampiyonlar Ligi&#8217;nde 19 ma\u00e7a \u00e7\u0131kan Anderson Talisca, bin 393 dakika alanda kald\u0131. Bu ma\u00e7larda 8 defa a\u011flar\u0131 havaland\u0131ran sambac\u0131, 174 dakikada bir skor katk\u0131s\u0131 vermeyi ba\u015fard\u0131.<\/p>\n<\/div>\n","protected":false},"excerpt":{"rendered":"<p>Anderson Talisca, Fenerbah\u00e7e ile olan transfer s\u00fcreci nedeniyle Al-Nassr&#8217;\u0131n ma\u00e7 tak\u0131m\u0131na al\u0131nmad\u0131.<\/p>\n","protected":false},"author":1,"featured_media":2546,"comment_status":"open","ping_status":"open","sticky":false,"template":"","format":"standard","meta":{"footnotes":""},"categories":[25],"tags":[50],"class_list":["post-2545","post","type-post","status-publish","format-standard","has-post-thumbnail","hentry","category-futbol","tag-mac"],"_links":{"self":[{"href":"https:\/\/haberbesiktas.tr\/index.php?rest_route=\/wp\/v2\/posts\/2545","targetHints":{"allow":["GET"]}}],"collection":[{"href":"https:\/\/haberbesiktas.tr\/index.php?rest_route=\/wp\/v2\/posts"}],"about":[{"href":"https:\/\/haberbesiktas.tr\/index.php?rest_route=\/wp\/v2\/types\/post"}],"author":[{"embeddable":true,"href":"https:\/\/haberbesiktas.tr\/index.php?rest_route=\/wp\/v2\/users\/1"}],"replies":[{"embeddable":true,"href":"https:\/\/haberbesiktas.tr\/index.php?rest_route=%2Fwp%2Fv2%2Fcomments&post=2545"}],"version-history":[{"count":1,"href":"https:\/\/haberbesiktas.tr\/index.php?rest_route=\/wp\/v2\/posts\/2545\/revisions"}],"predecessor-version":[{"id":2547,"href":"https:\/\/haberbesiktas.tr\/index.php?rest_route=\/wp\/v2\/posts\/2545\/revisions\/2547"}],"wp:featuredmedia":[{"embeddable":true,"href":"https:\/\/haberbesiktas.tr\/index.php?rest_route=\/wp\/v2\/media\/2546"}],"wp:attachment":[{"href":"https:\/\/haberbesiktas.tr\/index.php?rest_route=%2Fwp%2Fv2%2Fmedia&parent=2545"}],"wp:term":[{"taxonomy":"category","embeddable":true,"href":"https:\/\/haberbesiktas.tr\/index.php?rest_route=%2Fwp%2Fv2%2Fcategories&post=2545"},{"taxonomy":"post_tag","embeddable":true,"href":"https:\/\/haberbesiktas.tr\/index.php?rest_route=%2Fwp%2Fv2%2Ftags&post=2545"}],"curies":[{"name":"wp","href":"https:\/\/api.w.org\/{rel}","templated":true}]}}