{"id":25454,"date":"2025-05-01T05:12:15","date_gmt":"2025-05-01T05:12:15","guid":{"rendered":"https:\/\/haberbesiktas.tr\/?p=25454"},"modified":"2025-05-01T05:12:15","modified_gmt":"2025-05-01T05:12:15","slug":"galatasarayda-2-yildiz-geri-donuyor","status":"publish","type":"post","link":"https:\/\/haberbesiktas.tr\/?p=25454","title":{"rendered":"Galatasaray&#8217;da 2 y\u0131ld\u0131z geri d\u00f6n\u00fcyor"},"content":{"rendered":"<div>Trendyol S\u00fcper Lig&#8217;de Fenerbah\u00e7e&#8217;nin 4 puan \u00f6n\u00fcnde ba\u015fkan pozisyonda olan Galatasaray&#8217;\u0131n iki y\u0131ld\u0131z\u0131, bu hafta oynanacak Alanyaspor ma\u00e7\u0131yla alanlara d\u00f6n\u00fcyor.<\/p>\n<p> Sar\u0131 kart cezas\u0131 nedeniyle Kas\u0131mpa\u015fa ma\u00e7\u0131n\u0131n tak\u0131m\u0131nda yer alamayan Yunus Akg\u00fcn, Alanyaspor ma\u00e7\u0131nda birinci 11&#8217;de alana \u00e7\u0131kacak.<\/p>\n<p> <strong>ALVARO MORATA 11&#8217;E D\u00d6N\u00dcYOR<\/strong><\/p>\n<p> Yunus Akg\u00fcn&#8217;\u00fcn yan\u0131 s\u0131ra Alvaro Morata da kadroya d\u00f6n\u00fcyor. Sakatl\u0131\u011f\u0131n\u0131 atlatan ve ekiple \u00e7al\u0131\u015fmalara ba\u015flayan Alvaro Morata&#8217;n\u0131n da Alanyaspor ma\u00e7\u0131nda birinci 11&#8217;de baht bulmas\u0131 bekleniyor.<\/p>\n<p> <strong>OKAN BURUK DA D\u00d6N\u00dcYOR<\/strong><\/p>\n<p> Kas\u0131mpa\u015fa ma\u00e7\u0131nda cezas\u0131n\u0131 tamamlayan Okan Buruk da kritik kar\u015f\u0131la\u015fmada saha kenar\u0131nda olacak.<\/p>\n<p> \u00a0<\/p>\n<\/div>\n","protected":false},"excerpt":{"rendered":"<p>Galatasaray, S\u00fcper Lig&#8217;de bu hafta oynanacak Alanyaspor ma\u00e7\u0131nda 2 futbolcusuna kavu\u015fuyor. Sar\u0131-k\u0131rm\u0131z\u0131l\u0131larda cezas\u0131n\u0131 tamamlayan Okan Buruk da yedek kul\u00fcbesine d\u00f6n\u00fcyor.<\/p>\n","protected":false},"author":1,"featured_media":25455,"comment_status":"open","ping_status":"open","sticky":false,"template":"","format":"standard","meta":{"footnotes":""},"categories":[25],"tags":[],"class_list":["post-25454","post","type-post","status-publish","format-standard","has-post-thumbnail","hentry","category-futbol"],"_links":{"self":[{"href":"https:\/\/haberbesiktas.tr\/index.php?rest_route=\/wp\/v2\/posts\/25454","targetHints":{"allow":["GET"]}}],"collection":[{"href":"https:\/\/haberbesiktas.tr\/index.php?rest_route=\/wp\/v2\/posts"}],"about":[{"href":"https:\/\/haberbesiktas.tr\/index.php?rest_route=\/wp\/v2\/types\/post"}],"author":[{"embeddable":true,"href":"https:\/\/haberbesiktas.tr\/index.php?rest_route=\/wp\/v2\/users\/1"}],"replies":[{"embeddable":true,"href":"https:\/\/haberbesiktas.tr\/index.php?rest_route=%2Fwp%2Fv2%2Fcomments&post=25454"}],"version-history":[{"count":1,"href":"https:\/\/haberbesiktas.tr\/index.php?rest_route=\/wp\/v2\/posts\/25454\/revisions"}],"predecessor-version":[{"id":25456,"href":"https:\/\/haberbesiktas.tr\/index.php?rest_route=\/wp\/v2\/posts\/25454\/revisions\/25456"}],"wp:featuredmedia":[{"embeddable":true,"href":"https:\/\/haberbesiktas.tr\/index.php?rest_route=\/wp\/v2\/media\/25455"}],"wp:attachment":[{"href":"https:\/\/haberbesiktas.tr\/index.php?rest_route=%2Fwp%2Fv2%2Fmedia&parent=25454"}],"wp:term":[{"taxonomy":"category","embeddable":true,"href":"https:\/\/haberbesiktas.tr\/index.php?rest_route=%2Fwp%2Fv2%2Fcategories&post=25454"},{"taxonomy":"post_tag","embeddable":true,"href":"https:\/\/haberbesiktas.tr\/index.php?rest_route=%2Fwp%2Fv2%2Ftags&post=25454"}],"curies":[{"name":"wp","href":"https:\/\/api.w.org\/{rel}","templated":true}]}}