{"id":25457,"date":"2025-05-01T05:24:14","date_gmt":"2025-05-01T05:24:14","guid":{"rendered":"https:\/\/haberbesiktas.tr\/?p=25457"},"modified":"2025-05-01T05:24:14","modified_gmt":"2025-05-01T05:24:14","slug":"mario-leminadan-olumlu-etki","status":"publish","type":"post","link":"https:\/\/haberbesiktas.tr\/?p=25457","title":{"rendered":"Mario Lemina&#8217;dan olumlu etki"},"content":{"rendered":"<div>Galatasaray&#8217;\u0131n orta transfer devrindeki en ba\u015far\u0131l\u0131 transferi Mario Lemina oldu.<\/p>\n<p> Orta alana k\u0131ymetli bir hareket getiren 31 ya\u015f\u0131ndaki futbolcu <strong>transfer olduktan sonra oynad\u0131\u011f\u0131 \u00fc\u00e7 kar\u015f\u0131la\u015fmada<\/strong> ekip i\u00e7in ne kadar de\u011ferli bir isim oldu\u011funu g\u00f6sterdi. <\/p>\n<p>\u0130lk olarak \u00c7aykur Rizespor deplasman\u0131nda son 30 dakikada oyuna giren Mario Lemina, Osimhen&#8217;in att\u0131\u011f\u0131 galibiyet gol\u00fcnde asisti yaparken<strong>, 0-0 sona eren F.Bah\u00e7e ma\u00e7\u0131nda da orta alandaki ataklar\u0131 ile sahan\u0131n en uygunlar\u0131 k\u00fcrs\u00fcs\u00fcndeki yerini ald\u0131.<\/strong><\/p>\n<p> Kas\u0131mpa\u015fa kar\u015f\u0131s\u0131nda da birinci gol sevincini ya\u015fayan <strong>Gabonlu oyuncu, forma giydi\u011fi k\u0131sa m\u00fcddet i\u00e7erisinde iki skor katk\u0131s\u0131 \u00fcretmeyi ba\u015fard\u0131.<\/strong> \u00dcstelik rakip kaleye en uzak mevkilerden birisi olan 6 numarada vazife yapan Lemina, G.Saray&#8217;a de\u011ferli bir g\u00fc\u00e7 katt\u0131.<\/p>\n<p> Lemina&#8217;n\u0131n geli\u015finin akabinde Torreira da vakit zaman ata\u011fa katk\u0131 vermeye ba\u015flarken, Gabriel Sara ise Dries Mertens&#8217;in durumuna ge\u00e7erek Victor Osimhen&#8217;e bir ad\u0131m daha yakla\u015ft\u0131.<\/p>\n<\/div>\n","protected":false},"excerpt":{"rendered":"<p>5 y\u0131l sonra d\u00f6nd\u00fc\u011f\u00fc Galatasaray&#8217;da 3 ma\u00e7a \u00e7\u0131k\u0131p 200 dakika alanda kalan Mario Lemina, 1 gol &#8211; 1 asistlik katk\u0131 sa\u011flad\u0131.<\/p>\n","protected":false},"author":1,"featured_media":25458,"comment_status":"open","ping_status":"open","sticky":false,"template":"","format":"standard","meta":{"footnotes":""},"categories":[25],"tags":[],"class_list":["post-25457","post","type-post","status-publish","format-standard","has-post-thumbnail","hentry","category-futbol"],"_links":{"self":[{"href":"https:\/\/haberbesiktas.tr\/index.php?rest_route=\/wp\/v2\/posts\/25457","targetHints":{"allow":["GET"]}}],"collection":[{"href":"https:\/\/haberbesiktas.tr\/index.php?rest_route=\/wp\/v2\/posts"}],"about":[{"href":"https:\/\/haberbesiktas.tr\/index.php?rest_route=\/wp\/v2\/types\/post"}],"author":[{"embeddable":true,"href":"https:\/\/haberbesiktas.tr\/index.php?rest_route=\/wp\/v2\/users\/1"}],"replies":[{"embeddable":true,"href":"https:\/\/haberbesiktas.tr\/index.php?rest_route=%2Fwp%2Fv2%2Fcomments&post=25457"}],"version-history":[{"count":1,"href":"https:\/\/haberbesiktas.tr\/index.php?rest_route=\/wp\/v2\/posts\/25457\/revisions"}],"predecessor-version":[{"id":25459,"href":"https:\/\/haberbesiktas.tr\/index.php?rest_route=\/wp\/v2\/posts\/25457\/revisions\/25459"}],"wp:featuredmedia":[{"embeddable":true,"href":"https:\/\/haberbesiktas.tr\/index.php?rest_route=\/wp\/v2\/media\/25458"}],"wp:attachment":[{"href":"https:\/\/haberbesiktas.tr\/index.php?rest_route=%2Fwp%2Fv2%2Fmedia&parent=25457"}],"wp:term":[{"taxonomy":"category","embeddable":true,"href":"https:\/\/haberbesiktas.tr\/index.php?rest_route=%2Fwp%2Fv2%2Fcategories&post=25457"},{"taxonomy":"post_tag","embeddable":true,"href":"https:\/\/haberbesiktas.tr\/index.php?rest_route=%2Fwp%2Fv2%2Ftags&post=25457"}],"curies":[{"name":"wp","href":"https:\/\/api.w.org\/{rel}","templated":true}]}}