{"id":25463,"date":"2025-05-01T05:48:12","date_gmt":"2025-05-01T05:48:12","guid":{"rendered":"https:\/\/haberbesiktas.tr\/?p=25463"},"modified":"2025-05-01T05:48:12","modified_gmt":"2025-05-01T05:48:12","slug":"thy-euroleaguede-28-hafta-heyecani-basliyor","status":"publish","type":"post","link":"https:\/\/haberbesiktas.tr\/?p=25463","title":{"rendered":"THY Euroleague&#8217;de 28. hafta heyecan\u0131 ba\u015fl\u0131yor"},"content":{"rendered":"<div>Basketbol THY Avrupa Ligi&#8217;nde 28. hafta heyecan\u0131 5 Mart \u00e7ar\u015famba g\u00fcn\u00fc ba\u015flayacak.<\/p>\n<p> Avrupa basketbolunun kul\u00fcpler seviyesindeki bir numaral\u0131 tertibine 5-6 ve 7 Mart&#8217;ta oynanacak ma\u00e7larla devam edilecek.<\/p>\n<p> T\u00fcrk temsilcilerinden Fenerbah\u00e7e Beko ile Anadolu Efes, tertibin 28. haftas\u0131nda \u0130talyan temsilcileriyle kar\u015f\u0131 kar\u015f\u0131ya gelecek. Fenerbah\u00e7e 6 Mart&#8217;ta, Anadolu Efes ise 7 Mart&#8217;ta sahneye \u00e7\u0131kacak.<\/p>\n<p> <strong>Fenerbah\u00e7e Beko, \u0130talya&#8217;da galibiyet arayacak<\/strong><\/p>\n<p> Sar\u0131-lacivertli kadro, Avrupa Ligi&#8217;nde 9. s\u0131radaki EA7 Emporio Armani Milan ile kar\u015f\u0131la\u015facak.<\/p>\n<p> \u0130talya&#8217;n\u0131n Milano kentindeki Unipol Forum&#8217;da 6 Mart Per\u015fembe g\u00fcn\u00fc oynanacak kar\u015f\u0131la\u015fma, TS\u0130 22.30&#8217;da ba\u015flayacak.<\/p>\n<p> Paris Basket ile deplasmanda oynad\u0131\u011f\u0131 erteleme ma\u00e7\u0131n\u0131 kazanarak THY Avrupa Ligi&#8217;nde 18. galibiyetini alan Fenerbah\u00e7e, ba\u015fkan Olympiakos&#8217;un akabinde haftaya 2. basamakta girdi.<\/p>\n<p> <strong>Anadolu Efes&#8217;in konu\u011fu Virtus Segafredo Bologna<\/strong><\/p>\n<p> \u0130ki defa \u015fampiyon oldu\u011fu Avrupa Ligi&#8217;nde bu d\u00f6nem istedi\u011fi performans\u0131 sergileyemeyen lacivert-beyazl\u0131 grup, 7 Mart Cuma g\u00fcn\u00fc Virtus Segafredo Bologna&#8217;y\u0131 a\u011f\u0131rlayacak.<\/p>\n<p> Basketbol Geli\u015fim Merkezi&#8217;nin konut sahipli\u011fi yapaca\u011f\u0131 u\u011fra\u015f, saat 20.30&#8217;da ba\u015flayacak.<\/p>\n<p> Avrupa basketbolunun kul\u00fcpler seviyesindeki bir numaral\u0131 tertibinde 13 galibiyet ve 14 yenilgi ya\u015fayan Anadolu Efes, 12. s\u0131rada bulunuyor. THY Avrupa Ligi&#8217;nde bu d\u00f6nem yaln\u0131zca 7 sefer kazanabilen Virtus Segafredo Bologna ise 16. basamakta yer ald\u0131.<\/p>\n<p> <strong>Son \u015fampiyon Panathinaikos&#8217;un rakibi Real Madrid<\/strong><\/p>\n<p> Ergin Ataman&#8217;\u0131n ba\u015fantren\u00f6rl\u00fc\u011f\u00fcn\u00fc yapt\u0131\u011f\u0131 ve ulusal oyuncular Cedi Osman ile \u00d6mer Faruk Yurtseven&#8217;in formas\u0131n\u0131 giydi\u011fi son \u015fampiyon Panathinaikos AKTOR (Yunanistan), \u0130spanya temsilcisi Real Madrid&#8217;i konuk edecek.<\/p>\n<p> 6 Mart Per\u015fembe g\u00fcn\u00fc OAKA&#8217;da yap\u0131lacak kar\u015f\u0131la\u015fma, TS\u0130 22.45&#8217;te ba\u015flayacak.<\/p>\n<p> THY Avrupa Ligi&#8217;nde 2&#8217;si \u00fcst \u00fcste olmak \u00fczere 8. \u015fampiyonlu\u011funu hedefleyen Panathinaikos, 17 galibiyet ve 10 yenilgi sonucunda haftaya 3. s\u0131rada girdi.<\/p>\n<p> Tertipte \u00e7\u0131kt\u0131\u011f\u0131 ma\u00e7lar\u0131n 14&#8217;\u00fcn\u00fc kazanan ve 13&#8217;\u00fcnden ma\u011flubiyetle ayr\u0131lan Real Madrid ise 10. basamakta yer ald\u0131.<\/p>\n<p> <strong>Ma\u00e7 program\u0131<\/strong><\/p>\n<p> THY Avrupa Ligi&#8217;nin 28. haftas\u0131nda oynanacak kar\u015f\u0131la\u015fmalar\u0131n program\u0131 (TS\u0130) \u015f\u00f6yle:<\/p>\n<p> <strong>5 Mart \u00c7ar\u015famba:<\/strong><\/p>\n<p> 22.30 Paris Basketbol (Fransa)-Monaco (Fransa)<\/p>\n<p> <strong>6 Mart Per\u015fembe:<\/strong><\/p>\n<p> 22.30 Bayern M\u00fcnih (Almanya)-K\u0131z\u0131ly\u0131ld\u0131z (S\u0131rbistan)<\/p>\n<p> 22.30 EA7 Emporio Armani Milan (\u0130talya)-Fenerbah\u00e7e Beko<\/p>\n<p> 22.30 Baskonia (\u0130spanya)-Zalgiris (Litvanya)<\/p>\n<p> 22.45 Panathinaikos AKTOR (Yunanistan)-Real Madrid (\u0130spanya)<\/p>\n<p> <strong>7 Mart Cuma:<\/strong><\/p>\n<p> 20.30 Anadolu Efes-Virtus Segafredo Bologna (\u0130talya)<\/p>\n<p> 22.00 LDLC ASVEL (Fransa)-Maccabi Playtika (\u0130srail)<\/p>\n<p> 22.15 Olympiakos (Yunanistan)-Partizan (S\u0131rbistan)<\/p>\n<p> 22.30 ALBA Berlin (Almanya)-Barcelona (\u0130spanya)<\/p>\n<\/div>\n","protected":false},"excerpt":{"rendered":"<p>THY Euroleague&#8217;de 28. hafta heyecan\u0131 5 Mart \u00c7ar\u015famba g\u00fcn\u00fc oynanacak ma\u00e7larla ba\u015flayacak.<\/p>\n","protected":false},"author":1,"featured_media":25464,"comment_status":"open","ping_status":"open","sticky":false,"template":"","format":"standard","meta":{"footnotes":""},"categories":[10],"tags":[321,468,115,2206,2278],"class_list":["post-25463","post","type-post","status-publish","format-standard","has-post-thumbnail","hentry","category-basketbol","tag-anadolu-efes","tag-basketbol","tag-fenerbahce","tag-mart","tag-thy"],"_links":{"self":[{"href":"https:\/\/haberbesiktas.tr\/index.php?rest_route=\/wp\/v2\/posts\/25463","targetHints":{"allow":["GET"]}}],"collection":[{"href":"https:\/\/haberbesiktas.tr\/index.php?rest_route=\/wp\/v2\/posts"}],"about":[{"href":"https:\/\/haberbesiktas.tr\/index.php?rest_route=\/wp\/v2\/types\/post"}],"author":[{"embeddable":true,"href":"https:\/\/haberbesiktas.tr\/index.php?rest_route=\/wp\/v2\/users\/1"}],"replies":[{"embeddable":true,"href":"https:\/\/haberbesiktas.tr\/index.php?rest_route=%2Fwp%2Fv2%2Fcomments&post=25463"}],"version-history":[{"count":1,"href":"https:\/\/haberbesiktas.tr\/index.php?rest_route=\/wp\/v2\/posts\/25463\/revisions"}],"predecessor-version":[{"id":25465,"href":"https:\/\/haberbesiktas.tr\/index.php?rest_route=\/wp\/v2\/posts\/25463\/revisions\/25465"}],"wp:featuredmedia":[{"embeddable":true,"href":"https:\/\/haberbesiktas.tr\/index.php?rest_route=\/wp\/v2\/media\/25464"}],"wp:attachment":[{"href":"https:\/\/haberbesiktas.tr\/index.php?rest_route=%2Fwp%2Fv2%2Fmedia&parent=25463"}],"wp:term":[{"taxonomy":"category","embeddable":true,"href":"https:\/\/haberbesiktas.tr\/index.php?rest_route=%2Fwp%2Fv2%2Fcategories&post=25463"},{"taxonomy":"post_tag","embeddable":true,"href":"https:\/\/haberbesiktas.tr\/index.php?rest_route=%2Fwp%2Fv2%2Ftags&post=25463"}],"curies":[{"name":"wp","href":"https:\/\/api.w.org\/{rel}","templated":true}]}}