{"id":25472,"date":"2025-05-01T06:24:17","date_gmt":"2025-05-01T06:24:17","guid":{"rendered":"https:\/\/haberbesiktas.tr\/?p=25472"},"modified":"2025-05-01T06:24:17","modified_gmt":"2025-05-01T06:24:17","slug":"emirhan-topcu-kartal-gibi-ucacagim","status":"publish","type":"post","link":"https:\/\/haberbesiktas.tr\/?p=25472","title":{"rendered":"Emirhan Top\u00e7u: &#8220;Kartal gibi u\u00e7aca\u011f\u0131m&#8221;"},"content":{"rendered":"<div>\n<p>Be\u015fikta\u015f&#8217;\u0131n gen\u00e7 stoperi savunmac\u0131s\u0131 Emirhan Top\u00e7u, Be\u015fikta\u015f Kul\u00fcb\u00fc Mecmuas\u0131&#8217;na a\u00e7\u0131klamalarda bulundu.<\/p>\n<p> \u0130\u015fte Emirhan Top\u00e7u&#8217;nun a\u00e7\u0131klamalar\u0131;<\/p>\n<p> Be\u015fikta\u015f&#8217;a olan ba\u011fl\u0131l\u0131\u011f\u0131n\u0131 lisana getiren Top\u00e7u,<strong> &#8220;Be\u015fikta\u015f kalbimin en orta yerinde. Buras\u0131 benim meskenim. D\u00f6nem ba\u015f\u0131nda menajerime ve aileme, &#8216;E\u011fer Be\u015fikta\u015f&#8217;\u0131n teklifi do\u011fruysa, yurt d\u0131\u015f\u0131 benim i\u00e7in bir se\u00e7enek olmaktan \u00e7\u0131kar, Be\u015fikta\u015f&#8217;a giderim&#8217; demi\u015ftim. Trib\u00fcnlerimizin gerimizde oldu\u011funu bilmek ve verdikleri dayanak, alandayken en k\u0131ymetli g\u00fc\u00e7 kayna\u011f\u0131m\u0131z oluyor. Onlar\u0131n desibeli her y\u00fckseldi\u011finde, kanatlar\u0131m\u0131 a\u00e7\u0131p bir Kartal \u00fczere u\u00e7aca\u011f\u0131m\u0131 hissediyorum.&#8221;<\/strong> dedi.<\/p>\n<\/div>\n","protected":false},"excerpt":{"rendered":"<p>Be\u015fikta\u015f&#8217;\u0131n ba\u015far\u0131l\u0131 savunmac\u0131s\u0131 Emirhan Top\u00e7u, Be\u015fikta\u015f Kul\u00fcb\u00fc Mecmuas\u0131&#8217;na konu\u015ftu.<\/p>\n","protected":false},"author":1,"featured_media":25473,"comment_status":"open","ping_status":"open","sticky":false,"template":"","format":"standard","meta":{"footnotes":""},"categories":[25],"tags":[71],"class_list":["post-25472","post","type-post","status-publish","format-standard","has-post-thumbnail","hentry","category-futbol","tag-besiktas"],"_links":{"self":[{"href":"https:\/\/haberbesiktas.tr\/index.php?rest_route=\/wp\/v2\/posts\/25472","targetHints":{"allow":["GET"]}}],"collection":[{"href":"https:\/\/haberbesiktas.tr\/index.php?rest_route=\/wp\/v2\/posts"}],"about":[{"href":"https:\/\/haberbesiktas.tr\/index.php?rest_route=\/wp\/v2\/types\/post"}],"author":[{"embeddable":true,"href":"https:\/\/haberbesiktas.tr\/index.php?rest_route=\/wp\/v2\/users\/1"}],"replies":[{"embeddable":true,"href":"https:\/\/haberbesiktas.tr\/index.php?rest_route=%2Fwp%2Fv2%2Fcomments&post=25472"}],"version-history":[{"count":1,"href":"https:\/\/haberbesiktas.tr\/index.php?rest_route=\/wp\/v2\/posts\/25472\/revisions"}],"predecessor-version":[{"id":25474,"href":"https:\/\/haberbesiktas.tr\/index.php?rest_route=\/wp\/v2\/posts\/25472\/revisions\/25474"}],"wp:featuredmedia":[{"embeddable":true,"href":"https:\/\/haberbesiktas.tr\/index.php?rest_route=\/wp\/v2\/media\/25473"}],"wp:attachment":[{"href":"https:\/\/haberbesiktas.tr\/index.php?rest_route=%2Fwp%2Fv2%2Fmedia&parent=25472"}],"wp:term":[{"taxonomy":"category","embeddable":true,"href":"https:\/\/haberbesiktas.tr\/index.php?rest_route=%2Fwp%2Fv2%2Fcategories&post=25472"},{"taxonomy":"post_tag","embeddable":true,"href":"https:\/\/haberbesiktas.tr\/index.php?rest_route=%2Fwp%2Fv2%2Ftags&post=25472"}],"curies":[{"name":"wp","href":"https:\/\/api.w.org\/{rel}","templated":true}]}}