{"id":25478,"date":"2025-05-01T06:48:15","date_gmt":"2025-05-01T06:48:15","guid":{"rendered":"https:\/\/haberbesiktas.tr\/?p=25478"},"modified":"2025-05-01T06:48:15","modified_gmt":"2025-05-01T06:48:15","slug":"galatasaraydan-tffye-mourinho-basvurusu","status":"publish","type":"post","link":"https:\/\/haberbesiktas.tr\/?p=25478","title":{"rendered":"Galatasaray&#8217;dan TFF&#8217;ye Mourinho ba\u015fvurusu"},"content":{"rendered":"<div>Galatasaray, TFF&#8217;ye bu d\u00f6nem 16. resmi ba\u015fvurusu yapt\u0131.<\/p>\n<p> Son 1.5 ayda sar\u0131k\u0131rm\u0131z\u0131l\u0131 idare, 15 dilek\u00e7eyi Riva&#8217;ya g\u00f6ndermi\u015f ve istedi\u011fi kar\u015f\u0131l\u0131klar\u0131 alamam\u0131\u015ft\u0131. Pazartesi g\u00fcn\u00fc bir atak daha yapan idare, Jose Mourinho&#8217;nun cezas\u0131 nedeniyle resmi m\u00fcracaatta bulundu.<\/p>\n<p> Hat\u0131rlanaca\u011f\u0131 \u00fczere Galatasaray-F.Bah\u00e7e ma\u00e7\u0131n\u0131n akabinde Portekizli teknik adam, hakem odas\u0131na giderek, ma\u00e7\u0131 y\u00f6neten Sloven hakem Vincic&#8217;i tebrik etmi\u015f, t\u0131pk\u0131 odadaki 4. hakem Kadir Sa\u011flam&#8217;a da &#8220;Sizler y\u00f6netseydiniz felaket olurdu&#8221; demi\u015fti. Disipline sevk edilen ve Galatasaray yedek kul\u00fcbesi ile ilgili de &#8220;Maymun gibi z\u0131pl\u0131yorlard\u0131&#8221; s\u00f6zleri i\u00e7in toplam 4 ma\u00e7 ceza alan Mourinho&#8217;nun, Tahkim Kurulu indirimi ile cezas\u0131 2 ma\u00e7a d\u00fc\u015fm\u00fc\u015ft\u00fc.<\/p>\n<p> <span><strong>KAD\u0130R SA\u011eLAM&#8217;IN RAPORU RESM\u0130 BA\u015eVURUDA<\/strong><\/span><\/p>\n<p> Buna itiraz eden Galatasaray, yeni dilek\u00e7ede deneyimli \u00e7al\u0131\u015ft\u0131r\u0131c\u0131n\u0131n, hakem odas\u0131nda k\u00fcf\u00fcrl\u00fc s\u00f6zler kulland\u0131\u011f\u0131n\u0131 belirtip Vincic&#8217;e &#8220;Sendeki t\u2026 bunlarda yok!&#8221; kelamlar\u0131n\u0131 ka\u011f\u0131da d\u00f6kt\u00fc.<\/p>\n<p> M\u00fcracaatta ayr\u0131yeten bu s\u00f6zlerin Kadir Sa\u011flam taraf\u0131ndan rapor edildi\u011fi, buna kar\u015f\u0131n Mourinho&#8217;nun sevk unsurlar\u0131na nazaran daha az ceza verildi\u011finin alt\u0131 \u00e7izildi.\u00a0<\/p>\n<\/div>\n","protected":false},"excerpt":{"rendered":"<p>Mourinho&#8217;nun, derbi sonras\u0131 Sloven hakem Slavko Vincic&#8217;i tebrik ederken &#8220;Sendeki t\u2026 bunlarda yok!&#8221; kelamlar\u0131n\u0131 4. hakem Kadir Sa\u011flam&#8217;\u0131n raporuna yazd\u0131\u011f\u0131 ortaya \u00e7\u0131kt\u0131. Cezay\u0131 d\u00fc\u015f\u00fck bulan Galatasaray idare resmi yaz\u0131yla federasyonun kap\u0131s\u0131n\u0131 \u00e7ald\u0131.<\/p>\n","protected":false},"author":1,"featured_media":25479,"comment_status":"open","ping_status":"open","sticky":false,"template":"","format":"standard","meta":{"footnotes":""},"categories":[25],"tags":[],"class_list":["post-25478","post","type-post","status-publish","format-standard","has-post-thumbnail","hentry","category-futbol"],"_links":{"self":[{"href":"https:\/\/haberbesiktas.tr\/index.php?rest_route=\/wp\/v2\/posts\/25478","targetHints":{"allow":["GET"]}}],"collection":[{"href":"https:\/\/haberbesiktas.tr\/index.php?rest_route=\/wp\/v2\/posts"}],"about":[{"href":"https:\/\/haberbesiktas.tr\/index.php?rest_route=\/wp\/v2\/types\/post"}],"author":[{"embeddable":true,"href":"https:\/\/haberbesiktas.tr\/index.php?rest_route=\/wp\/v2\/users\/1"}],"replies":[{"embeddable":true,"href":"https:\/\/haberbesiktas.tr\/index.php?rest_route=%2Fwp%2Fv2%2Fcomments&post=25478"}],"version-history":[{"count":1,"href":"https:\/\/haberbesiktas.tr\/index.php?rest_route=\/wp\/v2\/posts\/25478\/revisions"}],"predecessor-version":[{"id":25480,"href":"https:\/\/haberbesiktas.tr\/index.php?rest_route=\/wp\/v2\/posts\/25478\/revisions\/25480"}],"wp:featuredmedia":[{"embeddable":true,"href":"https:\/\/haberbesiktas.tr\/index.php?rest_route=\/wp\/v2\/media\/25479"}],"wp:attachment":[{"href":"https:\/\/haberbesiktas.tr\/index.php?rest_route=%2Fwp%2Fv2%2Fmedia&parent=25478"}],"wp:term":[{"taxonomy":"category","embeddable":true,"href":"https:\/\/haberbesiktas.tr\/index.php?rest_route=%2Fwp%2Fv2%2Fcategories&post=25478"},{"taxonomy":"post_tag","embeddable":true,"href":"https:\/\/haberbesiktas.tr\/index.php?rest_route=%2Fwp%2Fv2%2Ftags&post=25478"}],"curies":[{"name":"wp","href":"https:\/\/api.w.org\/{rel}","templated":true}]}}