{"id":25568,"date":"2025-05-01T12:48:17","date_gmt":"2025-05-01T12:48:17","guid":{"rendered":"https:\/\/haberbesiktas.tr\/?p=25568"},"modified":"2025-05-01T12:48:17","modified_gmt":"2025-05-01T12:48:17","slug":"corum-fk-1-ligde-bolusporu-agirlayacak","status":"publish","type":"post","link":"https:\/\/haberbesiktas.tr\/?p=25568","title":{"rendered":"\u00c7orum FK,  1. Lig&#8217;de Boluspor&#8217;u a\u011f\u0131rlayacak"},"content":{"rendered":"<div>\n<p>Ahlatc\u0131 \u00c7orum FK, Trendyol 1. Lig&#8217;in 28. haftas\u0131nda 5 Mart \u00c7ar\u015famba g\u00fcn\u00fc meskeninde Geosis Boluspor ile kar\u015f\u0131la\u015facak.\u00a0<\/p>\n<p> \u00c7orum Kent Stad\u0131&#8217;nda saat 16.00&#8217;da ba\u015flayacak kar\u015f\u0131la\u015fmay\u0131, hakem Alparslan \u015een y\u00f6netecek.<\/p>\n<p> K\u0131rm\u0131z\u0131-siyahl\u0131 grupta tedavilerine devam edilen Geraldo ve Ahmethan K\u00f6se, Boluspor ma\u00e7\u0131nda forma giyemeyecek.<\/p>\n<p> \u00c7orum FK, ligde 39 puanla 8&#8217;inci, Boluspor ise 38 puanla 10&#8217;uncu s\u0131rada bulunuyor.<\/p>\n<p> \u00a0<\/p>\n<\/div>\n","protected":false},"excerpt":{"rendered":"<p>\u00c7orum FK, Trendyol 1. Lig&#8217;de 5 Mart \u00c7ar\u015famba g\u00fcn\u00fc Boluspor&#8217;u konuk edecek.<\/p>\n","protected":false},"author":1,"featured_media":25569,"comment_status":"open","ping_status":"open","sticky":false,"template":"","format":"standard","meta":{"footnotes":""},"categories":[25],"tags":[],"class_list":["post-25568","post","type-post","status-publish","format-standard","has-post-thumbnail","hentry","category-futbol"],"_links":{"self":[{"href":"https:\/\/haberbesiktas.tr\/index.php?rest_route=\/wp\/v2\/posts\/25568","targetHints":{"allow":["GET"]}}],"collection":[{"href":"https:\/\/haberbesiktas.tr\/index.php?rest_route=\/wp\/v2\/posts"}],"about":[{"href":"https:\/\/haberbesiktas.tr\/index.php?rest_route=\/wp\/v2\/types\/post"}],"author":[{"embeddable":true,"href":"https:\/\/haberbesiktas.tr\/index.php?rest_route=\/wp\/v2\/users\/1"}],"replies":[{"embeddable":true,"href":"https:\/\/haberbesiktas.tr\/index.php?rest_route=%2Fwp%2Fv2%2Fcomments&post=25568"}],"version-history":[{"count":1,"href":"https:\/\/haberbesiktas.tr\/index.php?rest_route=\/wp\/v2\/posts\/25568\/revisions"}],"predecessor-version":[{"id":25570,"href":"https:\/\/haberbesiktas.tr\/index.php?rest_route=\/wp\/v2\/posts\/25568\/revisions\/25570"}],"wp:featuredmedia":[{"embeddable":true,"href":"https:\/\/haberbesiktas.tr\/index.php?rest_route=\/wp\/v2\/media\/25569"}],"wp:attachment":[{"href":"https:\/\/haberbesiktas.tr\/index.php?rest_route=%2Fwp%2Fv2%2Fmedia&parent=25568"}],"wp:term":[{"taxonomy":"category","embeddable":true,"href":"https:\/\/haberbesiktas.tr\/index.php?rest_route=%2Fwp%2Fv2%2Fcategories&post=25568"},{"taxonomy":"post_tag","embeddable":true,"href":"https:\/\/haberbesiktas.tr\/index.php?rest_route=%2Fwp%2Fv2%2Ftags&post=25568"}],"curies":[{"name":"wp","href":"https:\/\/api.w.org\/{rel}","templated":true}]}}