{"id":25577,"date":"2025-05-01T13:24:10","date_gmt":"2025-05-01T13:24:10","guid":{"rendered":"https:\/\/haberbesiktas.tr\/?p=25577"},"modified":"2025-05-01T13:24:10","modified_gmt":"2025-05-01T13:24:10","slug":"zeynep-sonmez-indian-wells-elemelerinde-final-turuna-yukseldi","status":"publish","type":"post","link":"https:\/\/haberbesiktas.tr\/?p=25577","title":{"rendered":"Zeynep S\u00f6nmez, Indian Wells elemelerinde final turuna y\u00fckseldi"},"content":{"rendered":"<p>Milli tenis\u00e7i Zeynep S\u00f6nmez, WTA 1000 turnuvas\u0131 Indian Wells&#8217;in elemelerinde final \u00e7e\u015fidine y\u00fckseldi.<\/p>\n<p> T\u00fcrkiye Tenis Federasyonundan yap\u0131lan a\u00e7\u0131klamaya nazaran, d\u00fcnya s\u0131ralamas\u0131nda 77. basamakta yer alan Zeynep S\u00f6nmez, ABD&#8217;deki turnuvada \u00c7inli Sijia Wei&#8217;yi 6-2&#8217;lik setlerle 2-0 yendi.<\/p>\n<p> Bu sonu\u00e7la elemelerde final \u00e7e\u015fidine kalan Zeynep, ana tablo yolundaki son ma\u00e7\u0131nda Avustralyal\u0131 Ajla Tomljanovic ile kar\u015f\u0131la\u015facak.<\/p>\n<p> \u00a0<\/p>\n","protected":false},"excerpt":{"rendered":"<p>Ulusal tenis\u00e7i Zeynep S\u00f6nmez, Indian Wells&#8217;te elemelerde final cinsine y\u00fckseldi<\/p>\n","protected":false},"author":1,"featured_media":25578,"comment_status":"open","ping_status":"open","sticky":false,"template":"","format":"standard","meta":{"footnotes":""},"categories":[38],"tags":[],"class_list":["post-25577","post","type-post","status-publish","format-standard","has-post-thumbnail","hentry","category-tenis"],"_links":{"self":[{"href":"https:\/\/haberbesiktas.tr\/index.php?rest_route=\/wp\/v2\/posts\/25577","targetHints":{"allow":["GET"]}}],"collection":[{"href":"https:\/\/haberbesiktas.tr\/index.php?rest_route=\/wp\/v2\/posts"}],"about":[{"href":"https:\/\/haberbesiktas.tr\/index.php?rest_route=\/wp\/v2\/types\/post"}],"author":[{"embeddable":true,"href":"https:\/\/haberbesiktas.tr\/index.php?rest_route=\/wp\/v2\/users\/1"}],"replies":[{"embeddable":true,"href":"https:\/\/haberbesiktas.tr\/index.php?rest_route=%2Fwp%2Fv2%2Fcomments&post=25577"}],"version-history":[{"count":1,"href":"https:\/\/haberbesiktas.tr\/index.php?rest_route=\/wp\/v2\/posts\/25577\/revisions"}],"predecessor-version":[{"id":25579,"href":"https:\/\/haberbesiktas.tr\/index.php?rest_route=\/wp\/v2\/posts\/25577\/revisions\/25579"}],"wp:featuredmedia":[{"embeddable":true,"href":"https:\/\/haberbesiktas.tr\/index.php?rest_route=\/wp\/v2\/media\/25578"}],"wp:attachment":[{"href":"https:\/\/haberbesiktas.tr\/index.php?rest_route=%2Fwp%2Fv2%2Fmedia&parent=25577"}],"wp:term":[{"taxonomy":"category","embeddable":true,"href":"https:\/\/haberbesiktas.tr\/index.php?rest_route=%2Fwp%2Fv2%2Fcategories&post=25577"},{"taxonomy":"post_tag","embeddable":true,"href":"https:\/\/haberbesiktas.tr\/index.php?rest_route=%2Fwp%2Fv2%2Ftags&post=25577"}],"curies":[{"name":"wp","href":"https:\/\/api.w.org\/{rel}","templated":true}]}}