{"id":25605,"date":"2025-05-01T15:36:26","date_gmt":"2025-05-01T15:36:26","guid":{"rendered":"https:\/\/haberbesiktas.tr\/?p=25605"},"modified":"2025-05-01T15:36:26","modified_gmt":"2025-05-01T15:36:26","slug":"turk-teknik-direktorler-uefa-pro-lisans-egitimine-katildilar","status":"publish","type":"post","link":"https:\/\/haberbesiktas.tr\/?p=25605","title":{"rendered":"T\u00fcrk teknik direkt\u00f6rler UEFA Pro Lisans e\u011fitimine kat\u0131ld\u0131lar"},"content":{"rendered":"<div><span><span>Mevcut en y\u00fcksek antren\u00f6rl\u00fck sertifikasyonu olan Pro Lisans e\u011fitimine T\u00fcrkiye&#8217;den teknik y\u00f6neticiler kat\u0131ld\u0131.<\/span><\/p>\n<p>Gen\u00e7 \u00e7al\u0131\u015ft\u0131r\u0131c\u0131lar, UEFA&#8217;n\u0131n en itibarl\u0131 antren\u00f6rl\u00fck programlar\u0131ndan biri olan Pro Lisans e\u011fitimi i\u00e7in \u0130svi\u00e7re&#8217;nin Nyon kentinde bir ortaya geldi.<\/p>\n<p><\/span> <\/p>\n<div><span>Volkan Demirel, Sel\u00e7uk \u015eahin, H\u00e2kim Korkmaz ve Hakan Balta&#8217;n\u0131n da ortalar\u0131nda bulundu\u011fu T\u00fcrk teknik adamlar, \u0130svi\u00e7re&#8217;de <\/span><span>UEFA<\/span><span>Pro<\/span><span>Lisans<\/span><span> e\u011fitimine kat\u0131ld\u0131.<\/span><\/div>\n<\/div>\n","protected":false},"excerpt":{"rendered":"<p>Gen\u00e7 T\u00fcrk teknik adamlar, Nyon&#8217;daki UEFA Pro Lisans e\u011fitimine kat\u0131ld\u0131.<\/p>\n","protected":false},"author":1,"featured_media":25606,"comment_status":"open","ping_status":"open","sticky":false,"template":"","format":"standard","meta":{"footnotes":""},"categories":[25],"tags":[],"class_list":["post-25605","post","type-post","status-publish","format-standard","has-post-thumbnail","hentry","category-futbol"],"_links":{"self":[{"href":"https:\/\/haberbesiktas.tr\/index.php?rest_route=\/wp\/v2\/posts\/25605","targetHints":{"allow":["GET"]}}],"collection":[{"href":"https:\/\/haberbesiktas.tr\/index.php?rest_route=\/wp\/v2\/posts"}],"about":[{"href":"https:\/\/haberbesiktas.tr\/index.php?rest_route=\/wp\/v2\/types\/post"}],"author":[{"embeddable":true,"href":"https:\/\/haberbesiktas.tr\/index.php?rest_route=\/wp\/v2\/users\/1"}],"replies":[{"embeddable":true,"href":"https:\/\/haberbesiktas.tr\/index.php?rest_route=%2Fwp%2Fv2%2Fcomments&post=25605"}],"version-history":[{"count":1,"href":"https:\/\/haberbesiktas.tr\/index.php?rest_route=\/wp\/v2\/posts\/25605\/revisions"}],"predecessor-version":[{"id":25607,"href":"https:\/\/haberbesiktas.tr\/index.php?rest_route=\/wp\/v2\/posts\/25605\/revisions\/25607"}],"wp:featuredmedia":[{"embeddable":true,"href":"https:\/\/haberbesiktas.tr\/index.php?rest_route=\/wp\/v2\/media\/25606"}],"wp:attachment":[{"href":"https:\/\/haberbesiktas.tr\/index.php?rest_route=%2Fwp%2Fv2%2Fmedia&parent=25605"}],"wp:term":[{"taxonomy":"category","embeddable":true,"href":"https:\/\/haberbesiktas.tr\/index.php?rest_route=%2Fwp%2Fv2%2Fcategories&post=25605"},{"taxonomy":"post_tag","embeddable":true,"href":"https:\/\/haberbesiktas.tr\/index.php?rest_route=%2Fwp%2Fv2%2Ftags&post=25605"}],"curies":[{"name":"wp","href":"https:\/\/api.w.org\/{rel}","templated":true}]}}