{"id":25614,"date":"2025-05-01T16:12:20","date_gmt":"2025-05-01T16:12:20","guid":{"rendered":"https:\/\/haberbesiktas.tr\/?p=25614"},"modified":"2025-05-01T16:12:20","modified_gmt":"2025-05-01T16:12:20","slug":"milandan-theo-hernandez-ve-rafael-leao-karari","status":"publish","type":"post","link":"https:\/\/haberbesiktas.tr\/?p=25614","title":{"rendered":"Milan&#8217;dan Theo Hernandez ve Rafael Leao karar\u0131!"},"content":{"rendered":"<div>Milan&#8217;da Theo Hernandez ve Rafael Leao, hem performanslar\u0131 hem de taraftar yans\u0131lar\u0131 nedeniyle g\u00fc\u00e7 g\u00fcnler ge\u00e7iriyor. Lazio ma\u00e7\u0131nda tenkitlerin amac\u0131 olan iki oyuncunun Lecce m\u00fcsabakas\u0131nda yedek kalmas\u0131 bekleniyor.<\/p>\n<p>La Gazetta dello Sport&#8217;un haberine nazaran, Lazio ma\u00e7\u0131nda trib\u00fcnlerle tart\u0131\u015fma ya\u015fayan iki oyuncu, d\u00f6nem sonunda Milan&#8217;dan ayr\u0131labilir.<\/p>\n<p>Leao i\u00e7in Suudi Arabistan gruplar\u0131ndan Al-Nassr&#8217;\u0131n b\u00fcy\u00fck ilgisi oldu\u011fu belirtildi.<\/p>\n<p>Frans\u0131z y\u0131ld\u0131z Hernandez i\u00e7in ise\u00a0Milan, 2026&#8217;da bitecek kontrat\u0131n\u0131 uzatmay\u0131 d\u00fc\u015f\u00fcnm\u00fcyor ve yaz aylar\u0131nda oyuncuyu satmay\u0131 planl\u0131yor.<\/p><\/div>\n","protected":false},"excerpt":{"rendered":"<p>Milan, d\u00f6nem sonunda Rafael Leao ve Theo Hernandez ile b\u00fcy\u00fck ihtimalle yollar\u0131n\u0131 ay\u0131racak.<\/p>\n","protected":false},"author":1,"featured_media":25615,"comment_status":"open","ping_status":"open","sticky":false,"template":"","format":"standard","meta":{"footnotes":""},"categories":[25],"tags":[],"class_list":["post-25614","post","type-post","status-publish","format-standard","has-post-thumbnail","hentry","category-futbol"],"_links":{"self":[{"href":"https:\/\/haberbesiktas.tr\/index.php?rest_route=\/wp\/v2\/posts\/25614","targetHints":{"allow":["GET"]}}],"collection":[{"href":"https:\/\/haberbesiktas.tr\/index.php?rest_route=\/wp\/v2\/posts"}],"about":[{"href":"https:\/\/haberbesiktas.tr\/index.php?rest_route=\/wp\/v2\/types\/post"}],"author":[{"embeddable":true,"href":"https:\/\/haberbesiktas.tr\/index.php?rest_route=\/wp\/v2\/users\/1"}],"replies":[{"embeddable":true,"href":"https:\/\/haberbesiktas.tr\/index.php?rest_route=%2Fwp%2Fv2%2Fcomments&post=25614"}],"version-history":[{"count":1,"href":"https:\/\/haberbesiktas.tr\/index.php?rest_route=\/wp\/v2\/posts\/25614\/revisions"}],"predecessor-version":[{"id":25616,"href":"https:\/\/haberbesiktas.tr\/index.php?rest_route=\/wp\/v2\/posts\/25614\/revisions\/25616"}],"wp:featuredmedia":[{"embeddable":true,"href":"https:\/\/haberbesiktas.tr\/index.php?rest_route=\/wp\/v2\/media\/25615"}],"wp:attachment":[{"href":"https:\/\/haberbesiktas.tr\/index.php?rest_route=%2Fwp%2Fv2%2Fmedia&parent=25614"}],"wp:term":[{"taxonomy":"category","embeddable":true,"href":"https:\/\/haberbesiktas.tr\/index.php?rest_route=%2Fwp%2Fv2%2Fcategories&post=25614"},{"taxonomy":"post_tag","embeddable":true,"href":"https:\/\/haberbesiktas.tr\/index.php?rest_route=%2Fwp%2Fv2%2Ftags&post=25614"}],"curies":[{"name":"wp","href":"https:\/\/api.w.org\/{rel}","templated":true}]}}