{"id":25617,"date":"2025-05-01T16:24:19","date_gmt":"2025-05-01T16:24:19","guid":{"rendered":"https:\/\/haberbesiktas.tr\/?p=25617"},"modified":"2025-05-01T16:24:19","modified_gmt":"2025-05-01T16:24:19","slug":"besiktastan-the-suna-cevap-kartal-gozlerimiz-var","status":"publish","type":"post","link":"https:\/\/haberbesiktas.tr\/?p=25617","title":{"rendered":"Be\u015fikta\u015f&#8217;tan The Sun&#8217;a cevap: &#8220;Kartal g\u00f6zlerimiz var&#8221;"},"content":{"rendered":"<div>\u0130ngiliz bas\u0131n\u0131ndan The Sun, Be\u015fikta\u015f&#8217;\u0131n kul\u00fcp armas\u0131n\u0131 yenilemesini mercek alt\u0131na ald\u0131.<\/p>\n<p> Haberde,<strong>\u00a0&#8220;Be\u015fikta\u015f&#8217;\u0131n yeni kul\u00fcp armas\u0131ndaki farkl\u0131l\u0131klar\u0131 g\u00f6rebiliyorsan\u0131z, \u015fahin g\u00f6zlere sahipsiniz demektir&#8221;<\/strong>\u00a0yorumu dikkat \u00e7ekti.<\/p>\n<p> Be\u015fikta\u015f Kul\u00fcb\u00fc ise, \u0130ngilizce hesab\u0131ndan bu a\u00e7\u0131klmaaya yan\u0131t verdi.<\/p>\n<p> Siyah-Beyazl\u0131lar, X&#8217;te The Sun&#8217;\u0131n payla\u015f\u0131m\u0131n\u0131 al\u0131nt\u0131layarak<strong>, &#8220;1992&#8217;de yapt\u0131\u011f\u0131n\u0131z\u0131n birebiri. Not: Kartal g\u00f6zlerimiz var.&#8221;<\/strong> notunu payla\u015ft\u0131.\u00a0<\/p>\n<blockquote class=\"twitter-tweet\" data-width=\"500\" data-dnt=\"true\">\n<p lang=\"tr\" dir=\"ltr\">The Sun: &quot;Be\u015fikta\u015f&#39;\u0131n yeni kul\u00fcp armas\u0131ndaki farkl\u0131l\u0131klar\u0131 g\u00f6rebiliyorsan\u0131z, \u015fahin g\u00f6zlere sahipsiniz demektir.&quot;<\/p>\n<p>Be\u015fikta\u015f&#39;tan cevap; &quot;1992&#39;de yapt\u0131\u011f\u0131n\u0131z\u0131n ayn\u0131s\u0131. Not: Kartal g\u00f6zlerimiz var.&quot; <a href=\"https:\/\/t.co\/dbhkJJStX4\" rel=\"nofollow\">https:\/\/t.co\/dbhkJJStX4<\/a> <a href=\"https:\/\/t.co\/yIRwgOFOQS\" rel=\"nofollow\">pic.twitter.com\/yIRwgOFOQS<\/a><\/p>\n<p>&mdash; Sporx (@sporx) <a href=\"https:\/\/twitter.com\/sporx\/status\/1896927169487802571?ref_src=twsrc%5Etfw\" rel=\"nofollow noopener\" target=\"_blank\">March 4, 2025<\/a><\/p><\/blockquote>\n<p><script async src=\"https:\/\/platform.twitter.com\/widgets.js\" charset=\"utf-8\"><\/script><\/p>\n<\/p><\/div>\n","protected":false},"excerpt":{"rendered":"<p>Be\u015fikta\u015f&#8217;\u0131n kul\u00fcp armas\u0131n\u0131 yenilemesini mercek alt\u0131na alan The Sun&#8217;a, Siyah-Beyazl\u0131 kul\u00fcpten kar\u015f\u0131l\u0131k geldi.<\/p>\n","protected":false},"author":1,"featured_media":25619,"comment_status":"open","ping_status":"open","sticky":false,"template":"","format":"standard","meta":{"footnotes":""},"categories":[25],"tags":[],"class_list":["post-25617","post","type-post","status-publish","format-standard","has-post-thumbnail","hentry","category-futbol"],"_links":{"self":[{"href":"https:\/\/haberbesiktas.tr\/index.php?rest_route=\/wp\/v2\/posts\/25617","targetHints":{"allow":["GET"]}}],"collection":[{"href":"https:\/\/haberbesiktas.tr\/index.php?rest_route=\/wp\/v2\/posts"}],"about":[{"href":"https:\/\/haberbesiktas.tr\/index.php?rest_route=\/wp\/v2\/types\/post"}],"author":[{"embeddable":true,"href":"https:\/\/haberbesiktas.tr\/index.php?rest_route=\/wp\/v2\/users\/1"}],"replies":[{"embeddable":true,"href":"https:\/\/haberbesiktas.tr\/index.php?rest_route=%2Fwp%2Fv2%2Fcomments&post=25617"}],"version-history":[{"count":1,"href":"https:\/\/haberbesiktas.tr\/index.php?rest_route=\/wp\/v2\/posts\/25617\/revisions"}],"predecessor-version":[{"id":25620,"href":"https:\/\/haberbesiktas.tr\/index.php?rest_route=\/wp\/v2\/posts\/25617\/revisions\/25620"}],"wp:featuredmedia":[{"embeddable":true,"href":"https:\/\/haberbesiktas.tr\/index.php?rest_route=\/wp\/v2\/media\/25619"}],"wp:attachment":[{"href":"https:\/\/haberbesiktas.tr\/index.php?rest_route=%2Fwp%2Fv2%2Fmedia&parent=25617"}],"wp:term":[{"taxonomy":"category","embeddable":true,"href":"https:\/\/haberbesiktas.tr\/index.php?rest_route=%2Fwp%2Fv2%2Fcategories&post=25617"},{"taxonomy":"post_tag","embeddable":true,"href":"https:\/\/haberbesiktas.tr\/index.php?rest_route=%2Fwp%2Fv2%2Ftags&post=25617"}],"curies":[{"name":"wp","href":"https:\/\/api.w.org\/{rel}","templated":true}]}}