{"id":25621,"date":"2025-05-01T16:36:11","date_gmt":"2025-05-01T16:36:11","guid":{"rendered":"https:\/\/haberbesiktas.tr\/?p=25621"},"modified":"2025-05-01T16:36:11","modified_gmt":"2025-05-01T16:36:11","slug":"tijana-boskovic-dortlu-finalde-kesinlikle-iki-turk-takimi-olmali","status":"publish","type":"post","link":"https:\/\/haberbesiktas.tr\/?p=25621","title":{"rendered":"Tijana Boskovic: &#8220;D\u00f6rtl\u00fc Final&#8217;de kesinlikle iki T\u00fcrk tak\u0131m\u0131 olmal\u0131&#8221;"},"content":{"rendered":"<p>CEV \u015eampiyonlar Ligi&#8217;nde Milano ile m\u00fcsabakaya haz\u0131rlanan Eczac\u0131ba\u015f\u0131&#8217;nda ba\u015fantren\u00f6r Ferhat Akba\u015f ve y\u0131ld\u0131z oyuncu Tijana Boskovic, \u00e7aba \u00f6ncesinde a\u00e7\u0131klamalarda bulundu.<\/p>\n<p> Tivibuspor&#8217;a konu\u015fan Boskovic, <strong>&#8220;Bizim i\u00e7in rekabet\u00e7i ma\u00e7lar oynamak \u00e7ok daha d\u00fczg\u00fcn. Bu cins ma\u00e7larda daha \u00e7ok geli\u015fiyor ve daha \u00e7ok \u015fey \u00f6\u011freniyoruz. Bu sene Sultanlar Ligi \u00e7ok daha g\u00fc\u00e7l\u00fc. B\u00fct\u00fcn ma\u00e7larda %100 ile oynamam\u0131z gerekiyor. Bir ma\u00e7ta, hatta bir sette bile rahatlama talihimiz yok. Bu beni memnun ediyor. Ekip olarak daima \u00e7aba etmek, rekabet olmas\u0131&#8230;&#8221;<\/strong> dedi.<\/p>\n<p><strong>T\u00dcRK GRUPLARI VURGUSU<\/strong><\/p>\n<p> Boskovic, <strong>&#8220;T\u00fcrk ekiplerinin D\u00f6rtl\u00fc Final&#8217;e kalmas\u0131n\u0131 isterdik. Bu hem T\u00fcrk voleybolunun hem de ligin \u00e7ok d\u00fczg\u00fcn d\u00fczeyde oldu\u011funu g\u00f6sterirdi. \u0130stanbul&#8217;daki D\u00f6rtl\u00fc Final&#8217;de bir T\u00fcrk grubu muhakkak olacak, biz bu say\u0131y\u0131 2&#8217;ye \u00e7\u0131karmaya \u00e7al\u0131\u015faca\u011f\u0131z. G\u00f6rece\u011fiz. &#8220;<\/strong> formunda konu\u015ftu.<\/p>\n<p><strong>&#8220;HEYECAN VAR&#8221;<\/strong><\/p>\n<p>Boskovic, <strong>&#8220;\u00c7ok heyecanl\u0131y\u0131z, zira \u00e7ok uzun vakittir bu an i\u00e7in bekliyoruz. Bu bizim i\u00e7in en k\u0131ymetli ma\u00e7 olacak, d\u00f6nem ba\u015f\u0131ndan bu yana buraya gelmek i\u00e7in \u00e7ok \u00e7al\u0131\u015ft\u0131k. Art\u0131k yaln\u0131zca bunun keyfini \u00e7\u0131karmam\u0131z\u0131 umuyorum. Bence uygun bir ma\u00e7 olacak ve ho\u015f bir voleybol izleyece\u011fiz. \u015eimdiden ne yaparsak ya da yapmazsak tatmin olurum, s\u00f6yleyemiyorum. Kesin olan, kupalar\u0131n en az birini kazanm\u0131\u015f olmak hepimizi \u00e7ok memnun eder.&#8221;<\/strong>s\u00f6zlerini sarf etti.\u00a0<\/p>\n<p> Eczac\u0131ba\u015f\u0131 ba\u015fantren\u00f6r\u00fc Ferhat Akba\u015f ise, Milano ma\u00e7\u0131na dair, <strong>&#8220;En k\u0131ymetli oyuncular\u0131 do\u011fal ki Paola Egonu. Egonu bir kupan\u0131n adresini tayin edebilecek ve hatta bir kupan\u0131n adresini de\u011fi\u015ftirebilecek kapasitede bir oyuncu. Kendini tekraren milletleraras\u0131 arenada da kan\u0131tlad\u0131. Ona kar\u015f\u0131 nat\u00fcrel \u00f6zel bir tedbir almam\u0131z gerekecek.&#8221;<\/strong> dedi.<\/p>\n<p> Akba\u015f, <strong>&#8220;Tabii ki ba\u015fka oyuncular da \u00e7ok tecr\u00fcbeli. Orta oyuncular\u0131 Danesi, pas\u00f6rleri Orro bu d\u00f6nem \u00e7ok y\u00fcksek performansla oynuyorlar. Olimpiyatlarda da bunu t\u0131pk\u0131 bi\u00e7imde kan\u0131tlad\u0131lar. K\u00f6\u015fe rotasyonlar\u0131 \u00e7ok geni\u015f. Antren\u00f6rleri de bunu m\u00fcmk\u00fcn oldu\u011funca kullan\u0131yor. Yani a\u00e7\u0131k\u00e7as\u0131 bizi g\u00fc\u00e7 lakin kazanabilece\u011fimiz bir ma\u00e7 bekliyor diye d\u00fc\u015f\u00fcn\u00fcyorum.<\/strong>&#8221; tabirlerini kulland\u0131.<\/p>\n<p> <strong>&#8220;T\u00dcRK\u0130YE&#8217;DE T\u00dcRK F\u0130NAL\u0130 OLSUN&#8221;<\/strong><\/p>\n<p> Tecr\u00fcbeli ba\u015fantren\u00f6r,\u00a0<strong>&#8220;Benim tercihim \u00e7ok a\u00e7\u0131k T\u00fcrk finali olsun T\u00fcrkiye&#8217;de. \u0130talyanlar devre d\u0131\u015f\u0131 kals\u0131nlar. Burada ola\u011fan Fenerbah\u00e7e ve Vak\u0131fbank&#8217;\u0131n bir ezeli rekabeti var. \u00c7ok g\u00fczel ma\u00e7lar oynanaca\u011f\u0131n\u0131 d\u00fc\u015f\u00fcn\u00fcyorum. Ge\u00e7en y\u0131llarda de bu t\u00fcrl\u00fc bir e\u015fle\u015fme oldu ve mucizevi ma\u00e7lar oynand\u0131. Bakal\u0131m oradan hangi kadromuz \u00e7\u0131kacak, biz de oradan ba\u015fka yoldan T\u00fcrk finaline hakikat gitmek istiyoruz a\u00e7\u0131k\u00e7as\u0131.&#8221; kelamlar\u0131n\u0131 sarf etti.<\/strong><\/p>\n","protected":false},"excerpt":{"rendered":"<p>CEV \u015eampiyonlar Ligi&#8217;nde Milano ile m\u00fcsabakaya haz\u0131rlanan Eczac\u0131ba\u015f\u0131&#8217;nda, y\u0131ld\u0131z oyuncu Tijana Boskovic ve ba\u015fantren\u00f6r Ferhat Akba\u015f u\u011fra\u015f \u00f6ncesinde de\u011ferlendirmelerde bulundu.<\/p>\n","protected":false},"author":1,"featured_media":25622,"comment_status":"open","ping_status":"open","sticky":false,"template":"","format":"standard","meta":{"footnotes":""},"categories":[39],"tags":[50,634,49,52,221],"class_list":["post-25621","post","type-post","status-publish","format-standard","has-post-thumbnail","hentry","category-voleybol","tag-mac","tag-maclar","tag-oyuncu","tag-takim","tag-tur"],"_links":{"self":[{"href":"https:\/\/haberbesiktas.tr\/index.php?rest_route=\/wp\/v2\/posts\/25621","targetHints":{"allow":["GET"]}}],"collection":[{"href":"https:\/\/haberbesiktas.tr\/index.php?rest_route=\/wp\/v2\/posts"}],"about":[{"href":"https:\/\/haberbesiktas.tr\/index.php?rest_route=\/wp\/v2\/types\/post"}],"author":[{"embeddable":true,"href":"https:\/\/haberbesiktas.tr\/index.php?rest_route=\/wp\/v2\/users\/1"}],"replies":[{"embeddable":true,"href":"https:\/\/haberbesiktas.tr\/index.php?rest_route=%2Fwp%2Fv2%2Fcomments&post=25621"}],"version-history":[{"count":1,"href":"https:\/\/haberbesiktas.tr\/index.php?rest_route=\/wp\/v2\/posts\/25621\/revisions"}],"predecessor-version":[{"id":25623,"href":"https:\/\/haberbesiktas.tr\/index.php?rest_route=\/wp\/v2\/posts\/25621\/revisions\/25623"}],"wp:featuredmedia":[{"embeddable":true,"href":"https:\/\/haberbesiktas.tr\/index.php?rest_route=\/wp\/v2\/media\/25622"}],"wp:attachment":[{"href":"https:\/\/haberbesiktas.tr\/index.php?rest_route=%2Fwp%2Fv2%2Fmedia&parent=25621"}],"wp:term":[{"taxonomy":"category","embeddable":true,"href":"https:\/\/haberbesiktas.tr\/index.php?rest_route=%2Fwp%2Fv2%2Fcategories&post=25621"},{"taxonomy":"post_tag","embeddable":true,"href":"https:\/\/haberbesiktas.tr\/index.php?rest_route=%2Fwp%2Fv2%2Ftags&post=25621"}],"curies":[{"name":"wp","href":"https:\/\/api.w.org\/{rel}","templated":true}]}}