{"id":25624,"date":"2025-05-01T16:48:15","date_gmt":"2025-05-01T16:48:15","guid":{"rendered":"https:\/\/haberbesiktas.tr\/?p=25624"},"modified":"2025-05-01T16:48:15","modified_gmt":"2025-05-01T16:48:15","slug":"rizesporlu-papanikolaou-ameliyat-olacak","status":"publish","type":"post","link":"https:\/\/haberbesiktas.tr\/?p=25624","title":{"rendered":"Rizesporlu Papanikolaou, ameliyat olacak"},"content":{"rendered":"<div>Trendyol S\u00fcper Lig tak\u0131mlar\u0131ndan \u00c7aykur Rizespor&#8217;da forma giyen Papanikolaou&#8217;nun ameliyat edilece\u011fi a\u00e7\u0131kland\u0131.<\/p>\n<p> Rizespor S\u0131hhat Komitesi Lideri Prof. Dr. Hasan T\u00fcr\u00fct, yapt\u0131\u011f\u0131 yaz\u0131l\u0131 a\u00e7\u0131klamada, Papanikolaou&#8217;nun 22 \u015eubat Cumartesi g\u00fcn\u00fc oynanan Reeder Samsunspor ma\u00e7\u0131nda sakatlanarak oyundan \u00e7\u0131kt\u0131\u011f\u0131n\u0131 hat\u0131rlatt\u0131.<\/p>\n<p> <strong>SEZONU KAPATTI<\/strong><\/p>\n<p>Sa\u011f omuzunda eklem zorlanmas\u0131 tan\u0131s\u0131 konulan oyuncunun 8 Mart Cumartesi g\u00fcn\u00fc ameliyat edilmesine karar verildi\u011fini anlatan T\u00fcr\u00fct, oyuncunun ye\u015fil alanlara d\u00f6n\u00fc\u015f\u00fcn\u00fcn 8-12 haftay\u0131 bulabilece\u011fini kaydetti.<\/p>\n<\/div>\n","protected":false},"excerpt":{"rendered":"<p>\u00c7aykur Rizespor formas\u0131 giyen Papanikolaou, sakatl\u0131\u011f\u0131 nedeniyle ameliyat olacak.<\/p>\n","protected":false},"author":1,"featured_media":25625,"comment_status":"open","ping_status":"open","sticky":false,"template":"","format":"standard","meta":{"footnotes":""},"categories":[25],"tags":[],"class_list":["post-25624","post","type-post","status-publish","format-standard","has-post-thumbnail","hentry","category-futbol"],"_links":{"self":[{"href":"https:\/\/haberbesiktas.tr\/index.php?rest_route=\/wp\/v2\/posts\/25624","targetHints":{"allow":["GET"]}}],"collection":[{"href":"https:\/\/haberbesiktas.tr\/index.php?rest_route=\/wp\/v2\/posts"}],"about":[{"href":"https:\/\/haberbesiktas.tr\/index.php?rest_route=\/wp\/v2\/types\/post"}],"author":[{"embeddable":true,"href":"https:\/\/haberbesiktas.tr\/index.php?rest_route=\/wp\/v2\/users\/1"}],"replies":[{"embeddable":true,"href":"https:\/\/haberbesiktas.tr\/index.php?rest_route=%2Fwp%2Fv2%2Fcomments&post=25624"}],"version-history":[{"count":1,"href":"https:\/\/haberbesiktas.tr\/index.php?rest_route=\/wp\/v2\/posts\/25624\/revisions"}],"predecessor-version":[{"id":25626,"href":"https:\/\/haberbesiktas.tr\/index.php?rest_route=\/wp\/v2\/posts\/25624\/revisions\/25626"}],"wp:featuredmedia":[{"embeddable":true,"href":"https:\/\/haberbesiktas.tr\/index.php?rest_route=\/wp\/v2\/media\/25625"}],"wp:attachment":[{"href":"https:\/\/haberbesiktas.tr\/index.php?rest_route=%2Fwp%2Fv2%2Fmedia&parent=25624"}],"wp:term":[{"taxonomy":"category","embeddable":true,"href":"https:\/\/haberbesiktas.tr\/index.php?rest_route=%2Fwp%2Fv2%2Fcategories&post=25624"},{"taxonomy":"post_tag","embeddable":true,"href":"https:\/\/haberbesiktas.tr\/index.php?rest_route=%2Fwp%2Fv2%2Ftags&post=25624"}],"curies":[{"name":"wp","href":"https:\/\/api.w.org\/{rel}","templated":true}]}}