{"id":25713,"date":"2025-05-01T22:36:19","date_gmt":"2025-05-01T22:36:19","guid":{"rendered":"https:\/\/haberbesiktas.tr\/?p=25713"},"modified":"2025-05-01T22:36:19","modified_gmt":"2025-05-01T22:36:19","slug":"real-madrid-derbiyi-kazandi-avantaji-kapti","status":"publish","type":"post","link":"https:\/\/haberbesiktas.tr\/?p=25713","title":{"rendered":"Real Madrid derbiyi kazand\u0131, avantaj\u0131 kapt\u0131!"},"content":{"rendered":"<div>UEFA \u015eampiyonlar Ligi son 16 tipi ma\u00e7\u0131nda Real Madrid, Atletico Madrid&#8217;i konuk etti.\u00a0<\/p>\n<p>Santiago Bernabeu&#8217;da oynanan \u00e7abay\u0131 konut sahibi 2-1 kazand\u0131.\u00a0<\/p>\n<p> M\u00fcsabakada birinci gol\u00fc 4. dakikada <strong>Rodrygo<\/strong> kaydetti ve Real Madrid 1-0 \u00f6ne ge\u00e7ti.<\/p>\n<p> Fede Valverde&#8217;nin pas\u0131yla sa\u011f kananatta topla bulu\u015fan Rodrygo, ceza alan\u0131na girip sol aya\u011f\u0131yla vuru\u015funu yapt\u0131. Top, uzak k\u00f6\u015feden a\u011flarla bulu\u015ftu.<\/p>\n<blockquote class=\"twitter-tweet\" data-width=\"500\" data-dnt=\"true\">\n<p lang=\"tr\" dir=\"ltr\">\ud83d\udd25Harika dripling, muhte\u015fem bitiricilik: RODRYGO! <a href=\"https:\/\/t.co\/nmJtxYMq10\" rel=\"nofollow\">pic.twitter.com\/nmJtxYMq10<\/a><\/p>\n<p>&mdash; Sporxtv (@sporxtv) <a href=\"https:\/\/twitter.com\/sporxtv\/status\/1897018366403207495?ref_src=twsrc%5Etfw\" rel=\"nofollow noopener\" target=\"_blank\">March 4, 2025<\/a><\/p><\/blockquote>\n<p><script async src=\"https:\/\/platform.twitter.com\/widgets.js\" charset=\"utf-8\"><\/script><\/p>\n<p> Atletico Madrid&#8217;de <strong>Julian Alvarez<\/strong>, 32. dakikada att\u0131\u011f\u0131 golle skoru 1-1&#8217;e getirdi.<\/p>\n<p>Javi Galan&#8217;\u0131n pas\u0131yla sol kanatta topla bulu\u015fan Julian Alvarez, Eduardo Camavinga&#8217;y\u0131 \u00e7al\u0131mlad\u0131ktan sonra ceza alan\u0131na girerek sa\u011f aya\u011f\u0131yla vuru\u015funu yapt\u0131. Uzak dire\u011fe \u00e7arpan top, aplarla bulu\u015ftu.<\/p>\n<blockquote class=\"twitter-tweet\" data-width=\"500\" data-dnt=\"true\">\n<p lang=\"eu\" dir=\"ltr\">JULIAN ALVAREZ!\ud83d\ude32\ud83d\ude32\ud83d\ude32<a href=\"https:\/\/t.co\/DoPHECZb3D\" rel=\"nofollow\">pic.twitter.com\/DoPHECZb3D<\/a><\/p>\n<p>&mdash; Sporxtv (@sporxtv) <a href=\"https:\/\/twitter.com\/sporxtv\/status\/1897024905759351194?ref_src=twsrc%5Etfw\" rel=\"nofollow noopener\" target=\"_blank\">March 4, 2025<\/a><\/p><\/blockquote>\n<p><script async src=\"https:\/\/platform.twitter.com\/widgets.js\" charset=\"utf-8\"><\/script><\/p>\n<p> Birinci yar\u0131 0-0 beraberlikle sonu\u00e7lan\u0131rken Real Madrid&#8217;de <strong>Brahim Diaz,<\/strong> 55. dakikada a\u011flar\u0131 havaland\u0131rd\u0131 ve grubunu yine \u00f6ne ge\u00e7irdi.<\/p>\n<p>Sol kanatta topla bulu\u015fan Vinicius Junior, sa\u011f\u0131na pas\u0131n\u0131 aktard\u0131. Sol i\u00e7 kulvarda bulunan Ferland Mendy, hi\u00e7 beklemeden topu Brahim Diaz ile bulu\u015fturdu. Sol kanattan ceza alan\u0131na giren Diaz, dar alanda <strong>Jose Gimenez<\/strong>&#8216;e \u015f\u0131k bir \u00e7al\u0131m att\u0131ktan sonra sa\u011f aya\u011f\u0131yla vuru\u015funu yapt\u0131. Top, uzak k\u00f6\u015feden a\u011flara gitti.\u00a0<\/p>\n<blockquote class=\"twitter-tweet\" data-width=\"500\" data-dnt=\"true\">\n<p lang=\"tr\" dir=\"ltr\">SEN\u0130 ANLATACAK B\u0130R KEL\u0130ME YOK! KAR\u015eINIZDA BRAHIM DIAZ!\ud83c\udf2a\ufe0f<a href=\"https:\/\/t.co\/Pw6pFFJk3Y\" rel=\"nofollow\">pic.twitter.com\/Pw6pFFJk3Y<\/a><\/p>\n<p>&mdash; Sporxtv (@sporxtv) <a href=\"https:\/\/twitter.com\/sporxtv\/status\/1897034248609255730?ref_src=twsrc%5Etfw\" rel=\"nofollow noopener\" target=\"_blank\">March 4, 2025<\/a><\/p><\/blockquote>\n<p><script async src=\"https:\/\/platform.twitter.com\/widgets.js\" charset=\"utf-8\"><\/script><\/p>\n<p> Derbi, Real Madrid&#8217;in 2-1&#8217;lik \u00fcst\u00fcnl\u00fc\u011f\u00fcyle sona erdi. R\u00f6van\u015f \u00f6ncesinde Carlo Ancelotti&#8217;nin tak\u0131m\u0131 avantaj\u0131 kapt\u0131.\u00a0<\/p>\n<p><strong>ARDA G\u00dcLER, MA\u00c7I <strong>YEDEK KUL\u00dcBES\u0130NDE\u00a0<\/strong>TAMAMLADI<\/strong><\/p>\n<p>\u00d6te yandan Real Madrid&#8217;de forma giyen ulusal futbolcumuz<strong> Arda G\u00fcler,<\/strong> \u00e7abay\u0131 yedek kul\u00fcbesinde tamamlad\u0131.\u00a0<\/p>\n<p><img decoding=\"async\" src=\"https:\/\/haberbesiktas.tr\/wp-content\/uploads\/2025\/05\/real-madrid-derbiyi-kazandi-avantaji-kapti-0-IDyvtqtF.jpg\"\/><\/p>\n<p><strong>R\u00d6VAN\u015e 12 MART&#8217;TA\u00a0<\/strong><\/p>\n<p> R\u00f6van\u015f ma\u00e7\u0131, 12 Mart&#8217;ta Riyadh Air Metropolitano&#8217;da oynanacak.<\/p>\n<\/div>\n","protected":false},"excerpt":{"rendered":"<p>UEFA \u015eampiyonlar Ligi son 16 \u00e7e\u015fidi ma\u00e7\u0131nda Real Madrid, konuk etti\u011fi Atletico Madrid&#8217;i 2-1 ma\u011flup etti.<\/p>\n","protected":false},"author":1,"featured_media":25717,"comment_status":"open","ping_status":"open","sticky":false,"template":"","format":"standard","meta":{"footnotes":""},"categories":[25],"tags":[364],"class_list":["post-25713","post","type-post","status-publish","format-standard","has-post-thumbnail","hentry","category-futbol","tag-real-madrid"],"_links":{"self":[{"href":"https:\/\/haberbesiktas.tr\/index.php?rest_route=\/wp\/v2\/posts\/25713","targetHints":{"allow":["GET"]}}],"collection":[{"href":"https:\/\/haberbesiktas.tr\/index.php?rest_route=\/wp\/v2\/posts"}],"about":[{"href":"https:\/\/haberbesiktas.tr\/index.php?rest_route=\/wp\/v2\/types\/post"}],"author":[{"embeddable":true,"href":"https:\/\/haberbesiktas.tr\/index.php?rest_route=\/wp\/v2\/users\/1"}],"replies":[{"embeddable":true,"href":"https:\/\/haberbesiktas.tr\/index.php?rest_route=%2Fwp%2Fv2%2Fcomments&post=25713"}],"version-history":[{"count":1,"href":"https:\/\/haberbesiktas.tr\/index.php?rest_route=\/wp\/v2\/posts\/25713\/revisions"}],"predecessor-version":[{"id":25719,"href":"https:\/\/haberbesiktas.tr\/index.php?rest_route=\/wp\/v2\/posts\/25713\/revisions\/25719"}],"wp:featuredmedia":[{"embeddable":true,"href":"https:\/\/haberbesiktas.tr\/index.php?rest_route=\/wp\/v2\/media\/25717"}],"wp:attachment":[{"href":"https:\/\/haberbesiktas.tr\/index.php?rest_route=%2Fwp%2Fv2%2Fmedia&parent=25713"}],"wp:term":[{"taxonomy":"category","embeddable":true,"href":"https:\/\/haberbesiktas.tr\/index.php?rest_route=%2Fwp%2Fv2%2Fcategories&post=25713"},{"taxonomy":"post_tag","embeddable":true,"href":"https:\/\/haberbesiktas.tr\/index.php?rest_route=%2Fwp%2Fv2%2Ftags&post=25713"}],"curies":[{"name":"wp","href":"https:\/\/api.w.org\/{rel}","templated":true}]}}