{"id":25732,"date":"2025-05-01T23:36:16","date_gmt":"2025-05-01T23:36:16","guid":{"rendered":"https:\/\/haberbesiktas.tr\/?p=25732"},"modified":"2025-05-01T23:36:16","modified_gmt":"2025-05-01T23:36:16","slug":"servet-cetinden-yabanci-hakem-sozleri","status":"publish","type":"post","link":"https:\/\/haberbesiktas.tr\/?p=25732","title":{"rendered":"Servet \u00c7etin&#8217;den yabanc\u0131 hakem s\u00f6zleri"},"content":{"rendered":"<div>Trendyol 1. Lig&#8217;in 28. haftas\u0131nda Gen\u00e7lerbirli\u011fi&#8217;yle alan\u0131nda 1-1 berabere kalan Amed Sportif Faaliyetler&#8217;in teknik y\u00f6neticisi Servet \u00c7etin, &#8220;Biraz daha oyunumuzu geli\u015ftirece\u011fiz. Biraz daha \u00fcst\u00fcne koyaca\u011f\u0131z. Gerekirse 12 ki\u015filik oynayaca\u011f\u0131z.&#8221; dedi.<\/p>\n<p> Servet \u00c7etin, ma\u00e7\u0131n akabinde d\u00fczenlenen bas\u0131n toplant\u0131s\u0131nda, futbolcular\u0131n\u0131n inan\u0131lmaz bir performans g\u00f6sterdi\u011fini s\u00f6yledi.<\/p>\n<p> Hak ettikleri bir galibiyeti alamad\u0131klar\u0131n\u0131 aktaran \u00c7etin, \u015funlar\u0131 kaydetti:<\/p>\n<p> &#8220;Penalt\u0131 konumu olabilir takdir hakk\u0131. Bence penalt\u0131 de\u011fil. 5 dakika incelediler. &#8216;Nas\u0131l penalt\u0131 veririz&#8217; diye ar\u0131yorlar. Kalecimiz kurtar\u0131yor. 5 dakikada inceliyorlar penalt\u0131y\u0131 nas\u0131l iptal edip de tekrar oynatabiliriz diye. Yani arka niyet de\u011fil mi? Bariz bir \u015feyler yapmaya \u00e7al\u0131\u015f\u0131yorlar. Bizim 3-4 penalt\u0131lar\u0131m\u0131z var. Ben g\u00f6remedim ancak net penalt\u0131lar\u0131m\u0131za vermiyorlar. Bize oldu\u011fu vakit \u00e7abucak d\u00fcd\u00fc\u011f\u00fc \u00e7al\u0131yor. A\u00e7\u0131k\u00e7as\u0131 12-11 oynuyoruz. \u0130\u015fimiz \u00e7ok s\u0131k\u0131nt\u0131. Lakin biz elimizden geleni yapaca\u011f\u0131z. Play-off&#8217;a kalaca\u011f\u0131z in\u015fallah. Oyun olarak bak\u0131n, erformans olarak bak\u0131n, g\u00fc\u00e7 olarak bak\u0131n, bu grup hak ediyor. Fakat engellemeye \u00e7al\u0131\u015f\u0131yorlar. Bir bi\u00e7imde gidece\u011fiz. O y\u00fczden biz buna inan\u0131yoruz. Biraz daha oyunumuzu geli\u015ftirece\u011fiz. Biraz daha \u00fcst\u00fcne koyaca\u011f\u0131z. Gerekirse 12 ki\u015filik oynayaca\u011f\u0131z.&#8221;<\/p>\n<p> Bir gazetecinin yabanc\u0131 hakemin ma\u00e7lar\u0131n\u0131 y\u00f6netmesi istikametinde bir taleplerinin olup olmad\u0131\u011f\u0131 sorusuna \u00c7etin, &#8220;Ke\u015fke o denli olsa. \u0130n\u015fallah hi\u00e7biri bizim ma\u00e7lar\u0131 y\u00f6netmez. 1-2 hakemin d\u0131\u015f\u0131nda hepsi \u00e7ok makus ma\u00e7 y\u00f6netiyor. \u0130n\u015fallah b\u00fct\u00fcn ma\u00e7lar\u0131 yabanc\u0131 hakemler y\u00f6netir. Art\u0131k o d\u00fczeye geldik.&#8221; halinde yan\u0131tlad\u0131.<\/p>\n<\/div>\n","protected":false},"excerpt":{"rendered":"<p>Trendyol 1. Lig&#8217;in 28. haftas\u0131nda Gen\u00e7lerbirli\u011fi&#8217;yle alan\u0131nda 1-1 berabere kalan Amed Sportif Faaliyetler&#8217;in teknik y\u00f6neticisi Servet \u00c7etin ma\u00e7 sonras\u0131 a\u00e7\u0131klamalar yapt\u0131.<\/p>\n","protected":false},"author":1,"featured_media":25733,"comment_status":"open","ping_status":"open","sticky":false,"template":"","format":"standard","meta":{"footnotes":""},"categories":[25],"tags":[63,50,303],"class_list":["post-25732","post","type-post","status-publish","format-standard","has-post-thumbnail","hentry","category-futbol","tag-hak","tag-mac","tag-penalti"],"_links":{"self":[{"href":"https:\/\/haberbesiktas.tr\/index.php?rest_route=\/wp\/v2\/posts\/25732","targetHints":{"allow":["GET"]}}],"collection":[{"href":"https:\/\/haberbesiktas.tr\/index.php?rest_route=\/wp\/v2\/posts"}],"about":[{"href":"https:\/\/haberbesiktas.tr\/index.php?rest_route=\/wp\/v2\/types\/post"}],"author":[{"embeddable":true,"href":"https:\/\/haberbesiktas.tr\/index.php?rest_route=\/wp\/v2\/users\/1"}],"replies":[{"embeddable":true,"href":"https:\/\/haberbesiktas.tr\/index.php?rest_route=%2Fwp%2Fv2%2Fcomments&post=25732"}],"version-history":[{"count":1,"href":"https:\/\/haberbesiktas.tr\/index.php?rest_route=\/wp\/v2\/posts\/25732\/revisions"}],"predecessor-version":[{"id":25734,"href":"https:\/\/haberbesiktas.tr\/index.php?rest_route=\/wp\/v2\/posts\/25732\/revisions\/25734"}],"wp:featuredmedia":[{"embeddable":true,"href":"https:\/\/haberbesiktas.tr\/index.php?rest_route=\/wp\/v2\/media\/25733"}],"wp:attachment":[{"href":"https:\/\/haberbesiktas.tr\/index.php?rest_route=%2Fwp%2Fv2%2Fmedia&parent=25732"}],"wp:term":[{"taxonomy":"category","embeddable":true,"href":"https:\/\/haberbesiktas.tr\/index.php?rest_route=%2Fwp%2Fv2%2Fcategories&post=25732"},{"taxonomy":"post_tag","embeddable":true,"href":"https:\/\/haberbesiktas.tr\/index.php?rest_route=%2Fwp%2Fv2%2Ftags&post=25732"}],"curies":[{"name":"wp","href":"https:\/\/api.w.org\/{rel}","templated":true}]}}