{"id":25738,"date":"2025-05-02T00:00:17","date_gmt":"2025-05-02T00:00:17","guid":{"rendered":"https:\/\/haberbesiktas.tr\/?p=25738"},"modified":"2025-05-02T00:00:17","modified_gmt":"2025-05-02T00:00:17","slug":"demokratik-kongo-aday-kadrosunda-super-ligden-3-isim","status":"publish","type":"post","link":"https:\/\/haberbesiktas.tr\/?p=25738","title":{"rendered":"Demokratik Kongo aday kadrosunda S\u00fcper Lig&#8217;den 3 isim!"},"content":{"rendered":"<div><span>Demokratik Kongo&#8217;nun D\u00fcnya Kupas\u0131 Elemeleri&#8217;nde oynayaca\u011f\u0131 G\u00fcney Sudan ve Moritanya ma\u00e7lar\u0131n\u0131n aday tak\u0131m\u0131 a\u00e7\u0131kland\u0131.<\/span><\/p>\n<p>Aday tak\u0131mda Harika Lig&#8217;den \u00fc\u00e7 isim yer ald\u0131.\u00a0<\/p>\n<p>Be\u015fikta\u015f&#8217;tan Arthur Masuaku, Trabzonspor&#8217;dan Simon Banza ve Sivasspor&#8217;dan\u00a0<span>Samuel Moutoussamy, Demokratik Kongo Cumhuriyeti Ulusal Futbol Ekibi&#8217;nin aday tak\u0131m\u0131nda kendine yer bulan isimler oldu.<\/p>\n<p><img decoding=\"async\" src=\"https:\/\/haberbesiktas.tr\/wp-content\/uploads\/2025\/05\/demokratik-kongo-aday-kadrosunda-super-ligden-3-isim-0-iFnPcqsM.jpg\"\/><br \/><\/span><\/div>\n","protected":false},"excerpt":{"rendered":"<p>Demokratik Kongo&#8217;nun D\u00fcnya Kupas\u0131 Elemeleri&#8217;nde oynayaca\u011f\u0131 G\u00fcney Sudan ve Moritanya ma\u00e7lar\u0131n\u0131n aday tak\u0131m\u0131 a\u00e7\u0131kland\u0131.<\/p>\n","protected":false},"author":1,"featured_media":25739,"comment_status":"open","ping_status":"open","sticky":false,"template":"","format":"standard","meta":{"footnotes":""},"categories":[25],"tags":[],"class_list":["post-25738","post","type-post","status-publish","format-standard","has-post-thumbnail","hentry","category-futbol"],"_links":{"self":[{"href":"https:\/\/haberbesiktas.tr\/index.php?rest_route=\/wp\/v2\/posts\/25738","targetHints":{"allow":["GET"]}}],"collection":[{"href":"https:\/\/haberbesiktas.tr\/index.php?rest_route=\/wp\/v2\/posts"}],"about":[{"href":"https:\/\/haberbesiktas.tr\/index.php?rest_route=\/wp\/v2\/types\/post"}],"author":[{"embeddable":true,"href":"https:\/\/haberbesiktas.tr\/index.php?rest_route=\/wp\/v2\/users\/1"}],"replies":[{"embeddable":true,"href":"https:\/\/haberbesiktas.tr\/index.php?rest_route=%2Fwp%2Fv2%2Fcomments&post=25738"}],"version-history":[{"count":1,"href":"https:\/\/haberbesiktas.tr\/index.php?rest_route=\/wp\/v2\/posts\/25738\/revisions"}],"predecessor-version":[{"id":25741,"href":"https:\/\/haberbesiktas.tr\/index.php?rest_route=\/wp\/v2\/posts\/25738\/revisions\/25741"}],"wp:featuredmedia":[{"embeddable":true,"href":"https:\/\/haberbesiktas.tr\/index.php?rest_route=\/wp\/v2\/media\/25739"}],"wp:attachment":[{"href":"https:\/\/haberbesiktas.tr\/index.php?rest_route=%2Fwp%2Fv2%2Fmedia&parent=25738"}],"wp:term":[{"taxonomy":"category","embeddable":true,"href":"https:\/\/haberbesiktas.tr\/index.php?rest_route=%2Fwp%2Fv2%2Fcategories&post=25738"},{"taxonomy":"post_tag","embeddable":true,"href":"https:\/\/haberbesiktas.tr\/index.php?rest_route=%2Fwp%2Fv2%2Ftags&post=25738"}],"curies":[{"name":"wp","href":"https:\/\/api.w.org\/{rel}","templated":true}]}}