{"id":2575,"date":"2025-01-11T00:42:43","date_gmt":"2025-01-11T00:42:43","guid":{"rendered":"https:\/\/haberbesiktas.tr\/?p=2575"},"modified":"2025-01-11T00:42:43","modified_gmt":"2025-01-11T00:42:43","slug":"muhammed-sengezer-pazar-gunu-kazanmak-istiyoruz","status":"publish","type":"post","link":"https:\/\/haberbesiktas.tr\/?p=2575","title":{"rendered":"Muhammed \u015eengezer: &#8220;Pazar g\u00fcn\u00fc kazanmak istiyoruz&#8221;"},"content":{"rendered":"<div>Ba\u015fak\u015fehir&#8217;de Muhammed \u015eengezer, Galatasaray ile kupada 2-2 berabere kald\u0131klar\u0131 m\u00fcsabakay\u0131 k\u0131ymetlendirdi.<\/p>\n<p> Muhammed \u015eengezer, <strong>&#8220;Benim ad\u0131ma memnunluk verici bir and\u0131, kurtard\u0131\u011f\u0131m i\u00e7in&#8230; \u0130ki kez \u00f6ne ge\u00e7tik, yakalad\u0131lar. \u0130zleyenlere keyif verdiysek ne keyifli. Bu ma\u00e7tan derslerimizi ald\u0131k. Bu dersleri d\u00fczg\u00fcn \u00e7al\u0131\u015f\u0131p pazar g\u00fcn\u00fc Galatasaray&#8217;a kar\u015f\u0131 kazanmak istiyoruz. \u0130n\u015fallah o ma\u00e7\u0131n da seyir zevki y\u00fcksek olur.&#8221;<\/strong> dedi.<\/p>\n<p> Galatasaray ile Ba\u015fak\u015fehir, kupan\u0131n akabinde pazar g\u00fcn\u00fc lig ma\u00e7\u0131nda kar\u015f\u0131 kar\u015f\u0131ya gelecek.<\/p>\n<\/div>\n","protected":false},"excerpt":{"rendered":"<p>Ba\u015fak\u015fehir kalecisi Muhammed \u015eengezer, Galatasaray m\u00fcsabakas\u0131 sonras\u0131 konu\u015ftu.<\/p>\n","protected":false},"author":1,"featured_media":2576,"comment_status":"open","ping_status":"open","sticky":false,"template":"","format":"standard","meta":{"footnotes":""},"categories":[25],"tags":[],"class_list":["post-2575","post","type-post","status-publish","format-standard","has-post-thumbnail","hentry","category-futbol"],"_links":{"self":[{"href":"https:\/\/haberbesiktas.tr\/index.php?rest_route=\/wp\/v2\/posts\/2575","targetHints":{"allow":["GET"]}}],"collection":[{"href":"https:\/\/haberbesiktas.tr\/index.php?rest_route=\/wp\/v2\/posts"}],"about":[{"href":"https:\/\/haberbesiktas.tr\/index.php?rest_route=\/wp\/v2\/types\/post"}],"author":[{"embeddable":true,"href":"https:\/\/haberbesiktas.tr\/index.php?rest_route=\/wp\/v2\/users\/1"}],"replies":[{"embeddable":true,"href":"https:\/\/haberbesiktas.tr\/index.php?rest_route=%2Fwp%2Fv2%2Fcomments&post=2575"}],"version-history":[{"count":1,"href":"https:\/\/haberbesiktas.tr\/index.php?rest_route=\/wp\/v2\/posts\/2575\/revisions"}],"predecessor-version":[{"id":2577,"href":"https:\/\/haberbesiktas.tr\/index.php?rest_route=\/wp\/v2\/posts\/2575\/revisions\/2577"}],"wp:featuredmedia":[{"embeddable":true,"href":"https:\/\/haberbesiktas.tr\/index.php?rest_route=\/wp\/v2\/media\/2576"}],"wp:attachment":[{"href":"https:\/\/haberbesiktas.tr\/index.php?rest_route=%2Fwp%2Fv2%2Fmedia&parent=2575"}],"wp:term":[{"taxonomy":"category","embeddable":true,"href":"https:\/\/haberbesiktas.tr\/index.php?rest_route=%2Fwp%2Fv2%2Fcategories&post=2575"},{"taxonomy":"post_tag","embeddable":true,"href":"https:\/\/haberbesiktas.tr\/index.php?rest_route=%2Fwp%2Fv2%2Ftags&post=2575"}],"curies":[{"name":"wp","href":"https:\/\/api.w.org\/{rel}","templated":true}]}}