{"id":25769,"date":"2025-05-02T02:12:14","date_gmt":"2025-05-02T02:12:14","guid":{"rendered":"https:\/\/haberbesiktas.tr\/?p=25769"},"modified":"2025-05-02T02:12:14","modified_gmt":"2025-05-02T02:12:14","slug":"5-maddede-mourinho-dokunusu","status":"publish","type":"post","link":"https:\/\/haberbesiktas.tr\/?p=25769","title":{"rendered":"5 maddede Mourinho dokunu\u015fu"},"content":{"rendered":"<div>B\u00fcy\u00fck beklentilerle grubun ba\u015f\u0131na ge\u00e7ip t\u00fcm d\u00fcnyada yank\u0131 uyand\u0131ran Jose Mourinho, d\u00f6neme da beklenen gibi giremedi. Ligde berbat bir ba\u015flang\u0131\u00e7 yapan Special One (\u00d6zel biri) lakapl\u0131 hoca, \u015eampiyonlar Ligi&#8217;nden de elenmi\u015fti.<\/p>\n<p> Galatasaray&#8217;dan konutunda 3 yiyen, Be\u015fikta\u015f derbisini kaybeden Portekizli teknik adam, 1-1 biten 20 Aral\u0131k&#8217;taki Ey\u00fcpspor ma\u00e7\u0131n\u0131n akabinde hem taraftara hem idareye gruptan g\u00f6nderilmeli mi tart\u0131\u015fmalar\u0131n\u0131 ya\u015fatt\u0131. Lakin 2025 \u00e7ok farkl\u0131 ba\u015flad\u0131. \u0130\u015fte Mourinho&#8217;nun dokunu\u015flar\u0131:<\/p>\n<p> <strong>1- \u0130DARE ONA \u0130NANIYOR<\/strong><\/p>\n<p> Birinci olarak Fenerbah\u00e7e idaresi, Jose Mourinho mak\u00fbs giderken acil toplant\u0131 karar\u0131 ald\u0131. Ey\u00fcpspor ma\u00e7\u0131n\u0131n akabinde idare, Portekizli teknik adam\u0131n gelece\u011fi hakk\u0131nda isti\u015fareler yapt\u0131. Al\u0131nan karar d\u00f6n\u00fcm noktas\u0131 oldu. Kurallar ne olursa olsun iki sene boyunca sen bu ekibin ba\u015f\u0131ndas\u0131n iletisi verildi.<\/p>\n<p> <strong>2- S\u0130STEMLE GELEN ZAFER<\/strong><\/p>\n<p> 2024&#8217;\u00fcn son bahar aylar\u0131nda taraftarlar\u0131n da serzeni\u015fleri ortas\u0131nda sanc\u0131l\u0131 bir devir ge\u00e7iren Fenerbah\u00e7e, 2025&#8217;ten itibaren sistemi de b\u00fcsb\u00fct\u00fcn de\u011fi\u015ftirdi. Jose Mourinho, 4-2-3-1 formasyonundan 3-5-2&#8217;ye ge\u00e7erek kadronun sistemini bir anda de\u011fi\u015ftirdi ve daha kompakt oynayan, savunmada daha g\u00fc\u00e7l\u00fc bir Fenerbah\u00e7e haline getirdi.<\/p>\n<p> <strong>3- EN-NESYR\u0130&#8217;Y\u0130 KAZANDI<\/strong><\/p>\n<p> Yaln\u0131zca Jose Mourinho de\u011fil d\u00f6nem ba\u015f\u0131nda En- Nesyri de tenkitler al\u0131yordu. Birinci 8 haftada yaln\u0131zca bir gol atabilen Fasl\u0131 forvet, yeni sistem ile birlikte y\u00fckseli\u015fe ge\u00e7ti. Teknik y\u00f6netici Jose Mourinho \u00f6zel bir dokunu\u015f ile hem Edin Dzeko&#8217;yu hem de En-Nesyri&#8217;yi yan yana oynatmaya ba\u015flad\u0131 ve bu ikiliden s\u00fcper bir ahenk \u00e7\u0131kararak En-Nesyri&#8217;nin y\u00fckseli\u015fine imzas\u0131n\u0131 att\u0131. Deneyimli golc\u00fc, 26 gol-4 asist kaydederek 30 golle direkt tesir sa\u011flad\u0131.<\/p>\n<p> <strong>4- SA\u011eDA O\u011eUZ P\u0130YANGOSU<\/strong><\/p>\n<p> \u00dc\u00e7l\u00fc sisteme ge\u00e7tikten sonra kadro i\u00e7erisinde sa\u011f kanat beki arayan tecr\u00fcbeli \u00e7al\u0131\u015ft\u0131r\u0131c\u0131, Osayi- Samuel&#8217;in performans\u0131ndan \u015fad de\u011fildi. O\u011fuz Ayd\u0131n&#8217;\u0131 sa\u011f kanat beki yapmay\u0131 ba\u015fard\u0131. Yetenekli futbolcu \u015fimdiden 5 gol, 6 asist \u00fcreterek k\u0131ymetli bir muvaffakiyete imza att\u0131.<\/p>\n<p> <strong>5- GEN\u00c7LERE DE EL ATTI<\/strong><\/p>\n<p> Oosterwolde, Becao ve Diego Carlos&#8217;un sakatlanmas\u0131n\u0131n akabinde \u00c7a\u011flar S\u00f6y\u00fcnc\u00fc de bir periyot ekibinden uzak kald\u0131. Mourinho bu noktada gen\u00e7 oyuncu Yusuf Ak\u00e7i\u00e7ek&#8217;i haz\u0131rlad\u0131 ve kadroya monte etti. Dev ekipler da Yusuf&#8217;un ma\u00e7lar\u0131n\u0131 izlemek i\u00e7in hem Avrupa hem de lig m\u00fcsabakalar\u0131na scoutlar\u0131n\u0131 g\u00f6nderiyor.<\/p>\n<\/div>\n","protected":false},"excerpt":{"rendered":"<p>20 Aral\u0131k 2024&#8217;teki Ey\u00fcp ma\u00e7\u0131 sonras\u0131 tenkit dozu Portekizli hoca i\u00e7in doru\u011fa \u00e7\u0131kt\u0131. Fakat Mourinho dokunu\u015flar\u0131 ile Fenerbah\u00e7e&#8217;yi tekrar aya\u011fa kald\u0131rd\u0131.<\/p>\n","protected":false},"author":1,"featured_media":25770,"comment_status":"open","ping_status":"open","sticky":false,"template":"","format":"standard","meta":{"footnotes":""},"categories":[25],"tags":[77,2172,52],"class_list":["post-25769","post","type-post","status-publish","format-standard","has-post-thumbnail","hentry","category-futbol","tag-gol","tag-jose-mourinho","tag-takim"],"_links":{"self":[{"href":"https:\/\/haberbesiktas.tr\/index.php?rest_route=\/wp\/v2\/posts\/25769","targetHints":{"allow":["GET"]}}],"collection":[{"href":"https:\/\/haberbesiktas.tr\/index.php?rest_route=\/wp\/v2\/posts"}],"about":[{"href":"https:\/\/haberbesiktas.tr\/index.php?rest_route=\/wp\/v2\/types\/post"}],"author":[{"embeddable":true,"href":"https:\/\/haberbesiktas.tr\/index.php?rest_route=\/wp\/v2\/users\/1"}],"replies":[{"embeddable":true,"href":"https:\/\/haberbesiktas.tr\/index.php?rest_route=%2Fwp%2Fv2%2Fcomments&post=25769"}],"version-history":[{"count":1,"href":"https:\/\/haberbesiktas.tr\/index.php?rest_route=\/wp\/v2\/posts\/25769\/revisions"}],"predecessor-version":[{"id":25771,"href":"https:\/\/haberbesiktas.tr\/index.php?rest_route=\/wp\/v2\/posts\/25769\/revisions\/25771"}],"wp:featuredmedia":[{"embeddable":true,"href":"https:\/\/haberbesiktas.tr\/index.php?rest_route=\/wp\/v2\/media\/25770"}],"wp:attachment":[{"href":"https:\/\/haberbesiktas.tr\/index.php?rest_route=%2Fwp%2Fv2%2Fmedia&parent=25769"}],"wp:term":[{"taxonomy":"category","embeddable":true,"href":"https:\/\/haberbesiktas.tr\/index.php?rest_route=%2Fwp%2Fv2%2Fcategories&post=25769"},{"taxonomy":"post_tag","embeddable":true,"href":"https:\/\/haberbesiktas.tr\/index.php?rest_route=%2Fwp%2Fv2%2Ftags&post=25769"}],"curies":[{"name":"wp","href":"https:\/\/api.w.org\/{rel}","templated":true}]}}