{"id":25772,"date":"2025-05-02T02:24:14","date_gmt":"2025-05-02T02:24:14","guid":{"rendered":"https:\/\/haberbesiktas.tr\/?p=25772"},"modified":"2025-05-02T02:24:14","modified_gmt":"2025-05-02T02:24:14","slug":"sacha-boey-galatasaray-ihtimali","status":"publish","type":"post","link":"https:\/\/haberbesiktas.tr\/?p=25772","title":{"rendered":"Sacha Boey &#8211; Galatasaray ihtimali"},"content":{"rendered":"<div>Ge\u00e7en d\u00f6nemin devre ortas\u0131nda Bayern M\u00fcnih&#8217;e 30 milyon Euro&#8217;ya sat\u0131lan Sacha Boey&#8217;den Alman tak\u0131m\u0131 istedi\u011fi rand\u0131man\u0131 bir t\u00fcrl\u00fc alamad\u0131.<\/p>\n<p> Frans\u0131z oyuncunun sakatl\u0131klar\u0131n\u0131n akabinde tertipli forma giyememesi meselelerin sebebi olarak g\u00f6sterilirken Bild&#8217;e nazaran; Boey i\u00e7in teklif bekleniyor.<\/p>\n<p> Bavyera grubu, Haziran 2028&#8217;e kadar kontrat\u0131 bulunan futbolcu \u00fczerine planlar yapmazken ayr\u0131l\u0131k i\u00e7in vizeyi de verdi. Boey&#8217;e mali olarak d\u00fczg\u00fcn bir teklif gelmesi durumunda Bayern, gidi\u015fini onaylayacak.<\/p>\n<p> <strong>ADAYLAR ORTASINDA GALATASARAY DA VAR<\/strong><\/p>\n<p> Alman bas\u0131n\u0131na nazaran; adaylar ortas\u0131nda Galatasaray da var. 24 ya\u015f\u0131ndaki sa\u011f bek i\u00e7in d\u00f6nem sonunda sar\u0131-k\u0131rm\u0131z\u0131l\u0131lar da teklif yaparak geri d\u00f6n\u00fc\u015f\u00fc i\u00e7in \u00e7al\u0131\u015facak.<\/p>\n<p> <strong>BAYERN M\u00dcN\u0130H&#8217;TE 13 MA\u00c7TA M\u0130SYON ALDI<\/strong><\/p>\n<p> Galatasaray formas\u0131 ile 84 ma\u00e7a \u00e7\u0131kan ve 4 gol &#8211; 4 asist katk\u0131s\u0131 verip \u015eampiyonlar Ligi performans\u0131 ile Bayern M\u00fcnih&#8217;in g\u00f6z\u00fcne giren Boey, sonras\u0131nda ise Alman tak\u0131m\u0131nda menisk\u00fcs y\u0131rt\u0131\u011f\u0131 sorunu nedeniyle 13 m\u00fcsabakada vazife alabilmi\u015fti.\u00a0<\/p>\n<\/div>\n","protected":false},"excerpt":{"rendered":"<p>30 milyon Euro&#8217;ya Galatasaray&#8217;dan ald\u0131\u011f\u0131 oyuncudan bekledi\u011fini bulamayan Bayern M\u00fcnih, Frans\u0131z sa\u011f beki g\u00f6ndermeye haz\u0131rlan\u0131yor. Aslan da adaylar ortas\u0131nda&#8230;<\/p>\n","protected":false},"author":1,"featured_media":25773,"comment_status":"open","ping_status":"open","sticky":false,"template":"","format":"standard","meta":{"footnotes":""},"categories":[25],"tags":[],"class_list":["post-25772","post","type-post","status-publish","format-standard","has-post-thumbnail","hentry","category-futbol"],"_links":{"self":[{"href":"https:\/\/haberbesiktas.tr\/index.php?rest_route=\/wp\/v2\/posts\/25772","targetHints":{"allow":["GET"]}}],"collection":[{"href":"https:\/\/haberbesiktas.tr\/index.php?rest_route=\/wp\/v2\/posts"}],"about":[{"href":"https:\/\/haberbesiktas.tr\/index.php?rest_route=\/wp\/v2\/types\/post"}],"author":[{"embeddable":true,"href":"https:\/\/haberbesiktas.tr\/index.php?rest_route=\/wp\/v2\/users\/1"}],"replies":[{"embeddable":true,"href":"https:\/\/haberbesiktas.tr\/index.php?rest_route=%2Fwp%2Fv2%2Fcomments&post=25772"}],"version-history":[{"count":1,"href":"https:\/\/haberbesiktas.tr\/index.php?rest_route=\/wp\/v2\/posts\/25772\/revisions"}],"predecessor-version":[{"id":25774,"href":"https:\/\/haberbesiktas.tr\/index.php?rest_route=\/wp\/v2\/posts\/25772\/revisions\/25774"}],"wp:featuredmedia":[{"embeddable":true,"href":"https:\/\/haberbesiktas.tr\/index.php?rest_route=\/wp\/v2\/media\/25773"}],"wp:attachment":[{"href":"https:\/\/haberbesiktas.tr\/index.php?rest_route=%2Fwp%2Fv2%2Fmedia&parent=25772"}],"wp:term":[{"taxonomy":"category","embeddable":true,"href":"https:\/\/haberbesiktas.tr\/index.php?rest_route=%2Fwp%2Fv2%2Fcategories&post=25772"},{"taxonomy":"post_tag","embeddable":true,"href":"https:\/\/haberbesiktas.tr\/index.php?rest_route=%2Fwp%2Fv2%2Ftags&post=25772"}],"curies":[{"name":"wp","href":"https:\/\/api.w.org\/{rel}","templated":true}]}}