{"id":2578,"date":"2025-01-11T00:54:44","date_gmt":"2025-01-11T00:54:44","guid":{"rendered":"https:\/\/haberbesiktas.tr\/?p=2578"},"modified":"2025-01-11T00:54:44","modified_gmt":"2025-01-11T00:54:44","slug":"karsiyakada-ufuk-sarica-donemi-bitti","status":"publish","type":"post","link":"https:\/\/haberbesiktas.tr\/?p=2578","title":{"rendered":"Kar\u015f\u0131yaka&#8217;da Ufuk Sar\u0131ca d\u00f6nemi bitti!"},"content":{"rendered":"<div>Basketbolda \u0130zmir&#8217;in y\u0131llard\u0131r S\u00fcper Lig ve Avrupa&#8217;da kenti temsil eden en k\u0131ymetli markas\u0131 olan Kar\u015f\u0131yaka, 26 y\u0131ll\u0131k isim sponsorunu kaybettikten sonra girdi\u011fi k\u00fclfetli s\u00fcre\u00e7te ekibin sembol\u00fc antren\u00f6r Ufuk Sar\u0131ca&#8217;yla da yollar\u0131n\u0131 ay\u0131rd\u0131.<\/p>\n<p> \u015eampiyonlar Ligi&#8217;nde final amac\u0131yla tezli ba\u015flad\u0131\u011f\u0131 d\u00f6nem ba\u015f\u0131nda sponsorunu kaybedince aylard\u0131r grubun maa\u015flar\u0131n\u0131 zahmetle \u00f6deyebilen, ge\u00e7en hafta topluluk takviyesiyle FIBA kanal\u0131yla ihtar \u00e7eken yabanc\u0131lara para yat\u0131rmas\u0131na kar\u015f\u0131n evvel McCollum, Webb, Boutsiele ve Jefferson&#8217;u, akabinde kaptan\u0131 Kenan Sipahi&#8217;yi kaybeden ye\u015fil-k\u0131rm\u0131z\u0131l\u0131larda toplam 10 y\u0131ll\u0131k Ufuk Sar\u0131ca devri de bitti.<\/p>\n<p> Basketbol mesle\u011finde 2001-2002 d\u00f6neminde forma giydi\u011fi ye\u015fil-k\u0131rm\u0131z\u0131l\u0131lara birinci kere 2012&#8217;de antren\u00f6r olarak gelerek tarihi muvaffakiyetler ya\u015fatan Ufuk Sar\u0131ca, kul\u00fcpte ya\u015fanan s\u00fcre\u00e7te d\u00fcn idareyle bir ortaya gelerek kar\u015f\u0131l\u0131kl\u0131 mutabakatla vedala\u015ft\u0131. Sponsorluktan ayr\u0131lmas\u0131na kar\u015f\u0131n kul\u00fcbe dayanak veren Ya\u015far Holding Y\u00f6netim Kurulu Lideri Feyhan Ya\u015far ile de g\u00f6r\u00fc\u015fen Sar\u0131ca, bug\u00fcn \u015eampiyonlar Ligi&#8217;ndeki Promitheas Patras ma\u00e7\u0131nda son defa ekiple parkeye \u00e7\u0131k\u0131p ayr\u0131ld\u0131. Kar\u015f\u0131yaka&#8217;da birinci olarak 2012-2016 y\u0131llar\u0131 ortas\u0131nda antren\u00f6rl\u00fck yapan Ufuk Sar\u0131ca, Avrupa&#8217;da gruba 2013&#8217;te Eurochallenge Cup&#8217;ta birinci kere final oynat\u0131p, 2014&#8217;te birinci sefer T\u00fcrkiye Kupas\u0131&#8217;n\u0131, akabinde Cumhurba\u015fkanl\u0131\u011f\u0131 Kupas\u0131 ve 2015&#8217;te S\u00fcper Lig \u015fampiyonlu\u011funu kazand\u0131rm\u0131\u015ft\u0131.<\/p>\n<p> Kar\u015f\u0131yaka, Ufuk Sar\u0131ca idaresinde 2015-2016 d\u00f6neminde Avrupa&#8217;da birinci sefer EuroLeague&#8217;de yer alm\u0131\u015ft\u0131. Ye\u015fil-k\u0131rm\u0131z\u0131l\u0131lardan 2016&#8217;da ayr\u0131l\u0131p 3 d\u00f6nemlik ortadan sonra 2019&#8217;da geri d\u00f6nen Sar\u0131ca, grubuna 2021 y\u0131l\u0131nda \u015eampiyonlar Ligi&#8217;nde, 2023&#8217;te de S\u00fcper Lig&#8217;de iki final oynatt\u0131. Taraftarlar\u0131n daha evvel, &#8220;Ba\u015fbakan&#8221; tezah\u00fcratlar\u0131 yapt\u0131\u011f\u0131 Sar\u0131ca, Kar\u015f\u0131yaka&#8217;n\u0131n d\u00fcmeninde toplam 10&#8217;uncu d\u00f6nemini ge\u00e7iriyordu.<\/p>\n<\/div>\n","protected":false},"excerpt":{"rendered":"<p>Kar\u015f\u0131yaka, kadronun sembol\u00fc ba\u015f antren\u00f6r Ufuk Sar\u0131ca&#8217;yla yollar\u0131n\u0131 ay\u0131rd\u0131.<\/p>\n","protected":false},"author":1,"featured_media":2579,"comment_status":"open","ping_status":"open","sticky":false,"template":"","format":"standard","meta":{"footnotes":""},"categories":[10],"tags":[51,57,304],"class_list":["post-2578","post","type-post","status-publish","format-standard","has-post-thumbnail","hentry","category-basketbol","tag-lig","tag-sezon","tag-ufuk-sarica"],"_links":{"self":[{"href":"https:\/\/haberbesiktas.tr\/index.php?rest_route=\/wp\/v2\/posts\/2578","targetHints":{"allow":["GET"]}}],"collection":[{"href":"https:\/\/haberbesiktas.tr\/index.php?rest_route=\/wp\/v2\/posts"}],"about":[{"href":"https:\/\/haberbesiktas.tr\/index.php?rest_route=\/wp\/v2\/types\/post"}],"author":[{"embeddable":true,"href":"https:\/\/haberbesiktas.tr\/index.php?rest_route=\/wp\/v2\/users\/1"}],"replies":[{"embeddable":true,"href":"https:\/\/haberbesiktas.tr\/index.php?rest_route=%2Fwp%2Fv2%2Fcomments&post=2578"}],"version-history":[{"count":1,"href":"https:\/\/haberbesiktas.tr\/index.php?rest_route=\/wp\/v2\/posts\/2578\/revisions"}],"predecessor-version":[{"id":2580,"href":"https:\/\/haberbesiktas.tr\/index.php?rest_route=\/wp\/v2\/posts\/2578\/revisions\/2580"}],"wp:featuredmedia":[{"embeddable":true,"href":"https:\/\/haberbesiktas.tr\/index.php?rest_route=\/wp\/v2\/media\/2579"}],"wp:attachment":[{"href":"https:\/\/haberbesiktas.tr\/index.php?rest_route=%2Fwp%2Fv2%2Fmedia&parent=2578"}],"wp:term":[{"taxonomy":"category","embeddable":true,"href":"https:\/\/haberbesiktas.tr\/index.php?rest_route=%2Fwp%2Fv2%2Fcategories&post=2578"},{"taxonomy":"post_tag","embeddable":true,"href":"https:\/\/haberbesiktas.tr\/index.php?rest_route=%2Fwp%2Fv2%2Ftags&post=2578"}],"curies":[{"name":"wp","href":"https:\/\/api.w.org\/{rel}","templated":true}]}}