{"id":25790,"date":"2025-05-02T03:36:23","date_gmt":"2025-05-02T03:36:23","guid":{"rendered":"https:\/\/haberbesiktas.tr\/?p=25790"},"modified":"2025-05-02T03:36:23","modified_gmt":"2025-05-02T03:36:23","slug":"okan-burukun-kurtulus-formulu-yeniden-uclu","status":"publish","type":"post","link":"https:\/\/haberbesiktas.tr\/?p=25790","title":{"rendered":"Okan Buruk&#8217;un kurtulu\u015f form\u00fcl\u00fc; yeniden \u00fc\u00e7l\u00fc"},"content":{"rendered":"<div>Son 6 resmi ma\u00e7ta 1 galibiyet alan ve Kas\u0131mpa\u015fa beraberli\u011fi sonras\u0131 takip\u00e7isi Fenerbah\u00e7e ile ortas\u0131ndaki fark 4 puana inen Galatasaray&#8217;da de\u011fi\u015fim kap\u0131da.<\/p>\n<p> Tenkit oklar\u0131n\u0131n gayesindeki isim olan teknik y\u00f6netici Okan Buruk berbat gidi\u015fe dur diyebilmek i\u00e7in de\u011ferli bir revizyona haz\u0131rlan\u0131yor.<\/p>\n<p> <span><strong>S\u00dcREKL\u0130 TAHL\u0130L YAPIYOR<\/strong><\/span><\/p>\n<p> Grubuyla bir arada Kas\u0131mpa\u015fa ma\u00e7\u0131ndan bu yana tahliller yapan deneyimli hocan\u0131n sakatl\u0131\u011f\u0131 ge\u00e7en Alvaro Morata&#8217;n\u0131n ekibe d\u00f6n\u00fc\u015f\u00fc sonras\u0131 Alanyaspor deplasman\u0131nda tekrar 3&#8217;l\u00fc sisteme d\u00f6nece\u011fi belirtiliyor.<\/p>\n<p> Al\u0131nan bilgilere nazaran Buruk, yeni transfer Cuesta&#8217;n\u0131n mak\u00fbs performans\u0131 ve Kaan Ayhan&#8217;\u0131n da formsuzlu\u011fu nedeniyle Mario Lemina&#8217;y\u0131 3&#8217;l\u00fc defans\u0131n ortas\u0131nda g\u00f6revlendirecek.<\/p>\n<p> Kanatlarda Frankowski ve Bar\u0131\u015f Alper Y\u0131lmaz&#8217;\u0131 oynatmay\u0131 d\u00fc\u015f\u00fcnen ba\u015far\u0131l\u0131 hocan\u0131n Yunus&#8217;u de Osimhen ve Morata&#8217;n\u0131n ard\u0131nda 10 numara durumunda kullanaca\u011f\u0131 belirlendi.<\/p>\n<p> <span><strong>MERTENS YEN\u0130DEN KUL\u00dcBEDE<\/strong><\/span><\/p>\n<p> Sara&#8217;y\u0131 yine eski b\u00f6lgesine yani Torreira&#8217;n\u0131n yan\u0131na \u00e7ekecek olan Okan Buruk b\u00f6ylelikle atakta daha \u00fcretken, savunmada da daha diren\u00e7li bir ekip olu\u015fturmay\u0131 d\u00fc\u015f\u00fcn\u00fcyor. Buruk; Roland Sallai, Mertens ve Ahmed Kutucu \u00fczere isimleri ise atak oyuncusu olarak kullanacak.<\/p>\n<p><img decoding=\"async\" src=\"https:\/\/haberbesiktas.tr\/wp-content\/uploads\/2025\/05\/okan-burukun-kurtulus-formulu-yeniden-uclu-0-rhL39OGe.jpg\"\/><\/p>\n<\/div>\n","protected":false},"excerpt":{"rendered":"<p>Alvaro Morata&#8217;n\u0131n d\u00f6n\u00fc\u015f\u00fc sonras\u0131 Alanyaspor deplasman\u0131nda 3-4-1-2 formasyonunu tercih edecek olan Okan Buruk, Lemina&#8217;y\u0131 defans\u0131n merkezine \u00e7ekecek.<\/p>\n","protected":false},"author":1,"featured_media":25791,"comment_status":"open","ping_status":"open","sticky":false,"template":"","format":"standard","meta":{"footnotes":""},"categories":[25],"tags":[],"class_list":["post-25790","post","type-post","status-publish","format-standard","has-post-thumbnail","hentry","category-futbol"],"_links":{"self":[{"href":"https:\/\/haberbesiktas.tr\/index.php?rest_route=\/wp\/v2\/posts\/25790","targetHints":{"allow":["GET"]}}],"collection":[{"href":"https:\/\/haberbesiktas.tr\/index.php?rest_route=\/wp\/v2\/posts"}],"about":[{"href":"https:\/\/haberbesiktas.tr\/index.php?rest_route=\/wp\/v2\/types\/post"}],"author":[{"embeddable":true,"href":"https:\/\/haberbesiktas.tr\/index.php?rest_route=\/wp\/v2\/users\/1"}],"replies":[{"embeddable":true,"href":"https:\/\/haberbesiktas.tr\/index.php?rest_route=%2Fwp%2Fv2%2Fcomments&post=25790"}],"version-history":[{"count":1,"href":"https:\/\/haberbesiktas.tr\/index.php?rest_route=\/wp\/v2\/posts\/25790\/revisions"}],"predecessor-version":[{"id":25793,"href":"https:\/\/haberbesiktas.tr\/index.php?rest_route=\/wp\/v2\/posts\/25790\/revisions\/25793"}],"wp:featuredmedia":[{"embeddable":true,"href":"https:\/\/haberbesiktas.tr\/index.php?rest_route=\/wp\/v2\/media\/25791"}],"wp:attachment":[{"href":"https:\/\/haberbesiktas.tr\/index.php?rest_route=%2Fwp%2Fv2%2Fmedia&parent=25790"}],"wp:term":[{"taxonomy":"category","embeddable":true,"href":"https:\/\/haberbesiktas.tr\/index.php?rest_route=%2Fwp%2Fv2%2Fcategories&post=25790"},{"taxonomy":"post_tag","embeddable":true,"href":"https:\/\/haberbesiktas.tr\/index.php?rest_route=%2Fwp%2Fv2%2Ftags&post=25790"}],"curies":[{"name":"wp","href":"https:\/\/api.w.org\/{rel}","templated":true}]}}