{"id":25794,"date":"2025-05-02T03:48:15","date_gmt":"2025-05-02T03:48:15","guid":{"rendered":"https:\/\/haberbesiktas.tr\/?p=25794"},"modified":"2025-05-02T03:48:15","modified_gmt":"2025-05-02T03:48:15","slug":"marcao-galatasaraya-haber-yolladi","status":"publish","type":"post","link":"https:\/\/haberbesiktas.tr\/?p=25794","title":{"rendered":"Marcao, Galatasaray&#8217;a haber yollad\u0131"},"content":{"rendered":"<div>Sevilla&#8217;da forma giyen Galatasaray&#8217;\u0131n eski stoperi Marcao, geri d\u00f6nmek i\u00e7in bildiri yollad\u0131.<\/p>\n<p> \u0130spanyol tak\u0131m\u0131nda bu d\u00f6nem daha tertipli forma giymesine ra\u011fmen mutsuz olan Marcao, mesle\u011finin en keyifli g\u00fcnlerini ya\u015fad\u0131\u011f\u0131 Galatasaray&#8217;a geri d\u00f6nmek istedi\u011fi vurguland\u0131.<\/p>\n<p> Carlos Cuesta&#8217;n\u0131n imzas\u0131ndan evvel de Galatasaray idaresine geri d\u00f6nmek istedi\u011fi iletisini yollayan Brezilyal\u0131 stopere, sar\u0131 k\u0131rm\u0131z\u0131l\u0131 idarecilerden olumsuz yan\u0131t geldi.<\/p>\n<p> <span><strong>GALATASARAY 4&#8217;E ALIP 13&#8217;E SATTI<\/strong><\/span><\/p>\n<p> Gaatasaray&#8217;\u0131n Ocak 2019&#8217;da 4 milyon Euro&#8217;ya al\u0131p Temmuz 2022&#8217;de 13 milyon euro kar\u015f\u0131l\u0131\u011f\u0131 Sevilla&#8217;ya satt\u0131\u011f\u0131 Marcao, Mod\u00fcll\u00fc formay\u0131 141 sefer giymi\u015fti.<\/p>\n<p> 28 ya\u015f\u0131ndaki Brezilyal\u0131 stoper, Sevilla&#8217;da ge\u00e7irdi\u011fi devirde ise sakatl\u0131klar\u0131n da tesiriyle 35 ma\u00e7a \u00e7\u0131kabildi.\u00a0<\/p>\n<\/div>\n","protected":false},"excerpt":{"rendered":"<p>Galatasaray&#8217;\u0131n eski stoperi Marcao&#8217;nun geri d\u00f6nmek i\u00e7in  1 y\u0131ld\u0131r ileti yollad\u0131\u011f\u0131 \u00f6ne s\u00fcr\u00fcld\u00fc.<\/p>\n","protected":false},"author":1,"featured_media":25795,"comment_status":"open","ping_status":"open","sticky":false,"template":"","format":"standard","meta":{"footnotes":""},"categories":[25],"tags":[],"class_list":["post-25794","post","type-post","status-publish","format-standard","has-post-thumbnail","hentry","category-futbol"],"_links":{"self":[{"href":"https:\/\/haberbesiktas.tr\/index.php?rest_route=\/wp\/v2\/posts\/25794","targetHints":{"allow":["GET"]}}],"collection":[{"href":"https:\/\/haberbesiktas.tr\/index.php?rest_route=\/wp\/v2\/posts"}],"about":[{"href":"https:\/\/haberbesiktas.tr\/index.php?rest_route=\/wp\/v2\/types\/post"}],"author":[{"embeddable":true,"href":"https:\/\/haberbesiktas.tr\/index.php?rest_route=\/wp\/v2\/users\/1"}],"replies":[{"embeddable":true,"href":"https:\/\/haberbesiktas.tr\/index.php?rest_route=%2Fwp%2Fv2%2Fcomments&post=25794"}],"version-history":[{"count":1,"href":"https:\/\/haberbesiktas.tr\/index.php?rest_route=\/wp\/v2\/posts\/25794\/revisions"}],"predecessor-version":[{"id":25796,"href":"https:\/\/haberbesiktas.tr\/index.php?rest_route=\/wp\/v2\/posts\/25794\/revisions\/25796"}],"wp:featuredmedia":[{"embeddable":true,"href":"https:\/\/haberbesiktas.tr\/index.php?rest_route=\/wp\/v2\/media\/25795"}],"wp:attachment":[{"href":"https:\/\/haberbesiktas.tr\/index.php?rest_route=%2Fwp%2Fv2%2Fmedia&parent=25794"}],"wp:term":[{"taxonomy":"category","embeddable":true,"href":"https:\/\/haberbesiktas.tr\/index.php?rest_route=%2Fwp%2Fv2%2Fcategories&post=25794"},{"taxonomy":"post_tag","embeddable":true,"href":"https:\/\/haberbesiktas.tr\/index.php?rest_route=%2Fwp%2Fv2%2Ftags&post=25794"}],"curies":[{"name":"wp","href":"https:\/\/api.w.org\/{rel}","templated":true}]}}