{"id":25797,"date":"2025-05-02T04:00:11","date_gmt":"2025-05-02T04:00:11","guid":{"rendered":"https:\/\/haberbesiktas.tr\/?p=25797"},"modified":"2025-05-02T04:00:11","modified_gmt":"2025-05-02T04:00:11","slug":"fenerbahce-beko-armani-milana-konuk-olacak","status":"publish","type":"post","link":"https:\/\/haberbesiktas.tr\/?p=25797","title":{"rendered":"Fenerbah\u00e7e Beko, Armani Milan&#8217;a konuk olacak"},"content":{"rendered":"<p>Fenerbah\u00e7e Beko Erkek Basketbol Grubu, THY Avrupa Ligi&#8217;nin 28. haftas\u0131nda 6 Mart Per\u015fembe g\u00fcn\u00fc \u0130talya temsilcisi EA7 Emporio Armani Milan&#8217;a konuk olacak.<\/p>\n<p> Milano kentindeki Unipol Forum&#8217;da oynanacak kar\u015f\u0131la\u015fma, TS\u0130 22.30&#8217;da ba\u015flayacak.<\/p>\n<p> Sar\u0131-lacivertliler, ligde oynad\u0131\u011f\u0131 27 ma\u00e7ta ald\u0131\u011f\u0131 18 galibiyet, 9 yenilgi sonucunda ikinci basamakta bulunuyor.<\/p>\n<p> \u0130talyan kadrosu ise 15 galibiyet, 12 yenilgiyle 9. s\u0131rada yer al\u0131yor.<\/p>\n<p> Fenerbah\u00e7e Beko, THY Avrupa Ligi&#8217;nde son olarak erteleme ma\u00e7\u0131nda Frans\u0131z grubu Paris Basketbol&#8217;u 87-83 yendi.<\/p>\n","protected":false},"excerpt":{"rendered":"<p>Fenerbah\u00e7e Beko, THY Avrupa Ligi&#8217;nde 6 Mart Per\u015fembe g\u00fcn\u00fc EA7 Emporio Armani Milan ile kar\u015f\u0131la\u015facak<\/p>\n","protected":false},"author":1,"featured_media":25798,"comment_status":"open","ping_status":"open","sticky":false,"template":"","format":"standard","meta":{"footnotes":""},"categories":[10],"tags":[],"class_list":["post-25797","post","type-post","status-publish","format-standard","has-post-thumbnail","hentry","category-basketbol"],"_links":{"self":[{"href":"https:\/\/haberbesiktas.tr\/index.php?rest_route=\/wp\/v2\/posts\/25797","targetHints":{"allow":["GET"]}}],"collection":[{"href":"https:\/\/haberbesiktas.tr\/index.php?rest_route=\/wp\/v2\/posts"}],"about":[{"href":"https:\/\/haberbesiktas.tr\/index.php?rest_route=\/wp\/v2\/types\/post"}],"author":[{"embeddable":true,"href":"https:\/\/haberbesiktas.tr\/index.php?rest_route=\/wp\/v2\/users\/1"}],"replies":[{"embeddable":true,"href":"https:\/\/haberbesiktas.tr\/index.php?rest_route=%2Fwp%2Fv2%2Fcomments&post=25797"}],"version-history":[{"count":1,"href":"https:\/\/haberbesiktas.tr\/index.php?rest_route=\/wp\/v2\/posts\/25797\/revisions"}],"predecessor-version":[{"id":25799,"href":"https:\/\/haberbesiktas.tr\/index.php?rest_route=\/wp\/v2\/posts\/25797\/revisions\/25799"}],"wp:featuredmedia":[{"embeddable":true,"href":"https:\/\/haberbesiktas.tr\/index.php?rest_route=\/wp\/v2\/media\/25798"}],"wp:attachment":[{"href":"https:\/\/haberbesiktas.tr\/index.php?rest_route=%2Fwp%2Fv2%2Fmedia&parent=25797"}],"wp:term":[{"taxonomy":"category","embeddable":true,"href":"https:\/\/haberbesiktas.tr\/index.php?rest_route=%2Fwp%2Fv2%2Fcategories&post=25797"},{"taxonomy":"post_tag","embeddable":true,"href":"https:\/\/haberbesiktas.tr\/index.php?rest_route=%2Fwp%2Fv2%2Ftags&post=25797"}],"curies":[{"name":"wp","href":"https:\/\/api.w.org\/{rel}","templated":true}]}}