{"id":25809,"date":"2025-05-02T04:48:16","date_gmt":"2025-05-02T04:48:16","guid":{"rendered":"https:\/\/haberbesiktas.tr\/?p=25809"},"modified":"2025-05-02T04:48:16","modified_gmt":"2025-05-02T04:48:16","slug":"galatasarayin-kevin-de-bruyne-takibi","status":"publish","type":"post","link":"https:\/\/haberbesiktas.tr\/?p=25809","title":{"rendered":"Galatasaray&#8217;\u0131n Kevin de Bruyne takibi"},"content":{"rendered":"<div>Ara transfer periyodu sona erse de gelecek d\u00f6nemin planlamas\u0131n\u0131 \u015fimdiden yapmak isteyen Galatasaray&#8217;da \u00e7al\u0131\u015fmalar s\u00fcr\u00fcyor.<\/p>\n<p> Galatasaray&#8217;da k\u0131ymetli bir d\u00fcnya y\u0131ld\u0131z\u0131 planlar ortas\u0131nda duruyor. Manchester City&#8217;den ayr\u0131lma ihtimali olan Kevin De Bruyne, sar\u0131-k\u0131rm\u0131z\u0131l\u0131lar\u0131n listesinde yer al\u0131yor. Lakin De Bruyne i\u00e7in bir\u00e7ok ABD kul\u00fcb\u00fc de takibini h\u0131zland\u0131rd\u0131.<\/p>\n<p> <span><strong>SAN D\u0130EGO \u00c7OK \u0130ST\u0130YOR<\/strong><\/span><\/p>\n<p> City ile mukavelesi d\u00f6nem sonunda bitecek olan Bel\u00e7ikal\u0131 orta saha, \u0130ngiliz kul\u00fcb\u00fcyle de bir yandan g\u00f6r\u00fc\u015f\u00fcyor. Fakat 33 ya\u015f\u0131ndaki y\u0131ld\u0131z\u0131n mesle\u011fine yeni bir kadroda devam etme m\u00fcmk\u00fcnl\u00fc\u011f\u00fc da \u00f6ne \u00e7\u0131k\u0131yor.<\/p>\n<p> ABD&#8217;den San Diego FC, Kevin De Bruyne i\u00e7in \u00f6nemli \u00e7al\u0131\u015fmalar y\u00fcr\u00fct\u00fcyor. San Diego FC&#8217;nin tecr\u00fcbeli y\u0131ld\u0131z i\u00e7in de\u011ferli bir transfer b\u00fct\u00e7esi haz\u0131rlad\u0131\u011f\u0131 da vurguland\u0131.<\/p>\n<p> <span><strong>BU D\u00d6NEM 28 MA\u00c7A \u00c7IKTI<\/strong><\/span><\/p>\n<p> Kevin De Bruyne bu d\u00f6nem Manchester City&#8217;de 28 resmi ma\u00e7a \u00e7\u0131kt\u0131. Bel\u00e7ikal\u0131 y\u0131ld\u0131z, 4 gol, 7 asistlik bir performans sergiledi ve 11 gole direkt tesir etti.\u00a0<\/p>\n<div>\u00a0<\/div>\n<\/div>\n","protected":false},"excerpt":{"rendered":"<p>Galatasaray, yeni d\u00f6nem \u00f6ncesi planlamas\u0131n\u0131 yaparken Kevin De Bruyne&#8217;nin ismi de listede duruyor ve durumu yak\u0131ndan takip ediliyor.<\/p>\n","protected":false},"author":1,"featured_media":25810,"comment_status":"open","ping_status":"open","sticky":false,"template":"","format":"standard","meta":{"footnotes":""},"categories":[25],"tags":[],"class_list":["post-25809","post","type-post","status-publish","format-standard","has-post-thumbnail","hentry","category-futbol"],"_links":{"self":[{"href":"https:\/\/haberbesiktas.tr\/index.php?rest_route=\/wp\/v2\/posts\/25809","targetHints":{"allow":["GET"]}}],"collection":[{"href":"https:\/\/haberbesiktas.tr\/index.php?rest_route=\/wp\/v2\/posts"}],"about":[{"href":"https:\/\/haberbesiktas.tr\/index.php?rest_route=\/wp\/v2\/types\/post"}],"author":[{"embeddable":true,"href":"https:\/\/haberbesiktas.tr\/index.php?rest_route=\/wp\/v2\/users\/1"}],"replies":[{"embeddable":true,"href":"https:\/\/haberbesiktas.tr\/index.php?rest_route=%2Fwp%2Fv2%2Fcomments&post=25809"}],"version-history":[{"count":1,"href":"https:\/\/haberbesiktas.tr\/index.php?rest_route=\/wp\/v2\/posts\/25809\/revisions"}],"predecessor-version":[{"id":25811,"href":"https:\/\/haberbesiktas.tr\/index.php?rest_route=\/wp\/v2\/posts\/25809\/revisions\/25811"}],"wp:featuredmedia":[{"embeddable":true,"href":"https:\/\/haberbesiktas.tr\/index.php?rest_route=\/wp\/v2\/media\/25810"}],"wp:attachment":[{"href":"https:\/\/haberbesiktas.tr\/index.php?rest_route=%2Fwp%2Fv2%2Fmedia&parent=25809"}],"wp:term":[{"taxonomy":"category","embeddable":true,"href":"https:\/\/haberbesiktas.tr\/index.php?rest_route=%2Fwp%2Fv2%2Fcategories&post=25809"},{"taxonomy":"post_tag","embeddable":true,"href":"https:\/\/haberbesiktas.tr\/index.php?rest_route=%2Fwp%2Fv2%2Ftags&post=25809"}],"curies":[{"name":"wp","href":"https:\/\/api.w.org\/{rel}","templated":true}]}}