{"id":2581,"date":"2025-01-11T01:06:42","date_gmt":"2025-01-11T01:06:42","guid":{"rendered":"https:\/\/haberbesiktas.tr\/?p=2581"},"modified":"2025-01-11T01:06:42","modified_gmt":"2025-01-11T01:06:42","slug":"efe-akman-benim-icin-ozel-bir-aksam","status":"publish","type":"post","link":"https:\/\/haberbesiktas.tr\/?p=2581","title":{"rendered":"Efe Akman: &#8220;Benim i\u00e7in \u00f6zel bir ak\u015fam&#8221;"},"content":{"rendered":"<div>Ziraat T\u00fcrkiye Kupas\u0131 C K\u00fcmesi ma\u00e7\u0131nda Galatasaray ile RAMS Ba\u015fak\u015fehir kar\u015f\u0131 kar\u015f\u0131ya geldi.<\/p>\n<p> Rams Park&#8217;ta oynanan ma\u00e7ta Galatasaray ile RAMS Ba\u015fak\u015fehir 2-2&#8217;lik beraberlikle alandan ayr\u0131ld\u0131.<\/p>\n<p> Ma\u00e7\u0131n akabinde Galatasaray&#8217;dan Efe Akman a\u00e7\u0131klamalarda bulundu.<\/p>\n<p><strong>&#8220;OKAN HOCAMA TE\u015eEKK\u00dcR EDER\u0130M&#8221;<\/strong><\/p>\n<p> Birinci 11&#8217;de birinci sefer ba\u015flad\u0131\u011f\u0131n\u0131n alt\u0131n\u0131 \u00e7izen Efe Akman, <strong>&#8220;Benim i\u00e7in \u00e7ok \u00f6zel bir gece oldu. 7-8 y\u0131ld\u0131r altyap\u0131s\u0131nda, 3 y\u0131ld\u0131r a grubunda oldu\u011fum \u00e7ocukluk a\u015fk\u0131mda birinci kere birinci 11&#8217;de alana \u00e7\u0131kt\u0131m. Okan Hocama te\u015fkk\u00fcr ediyorum. Sonu\u00e7 istedi\u011fimiz \u00fczere olmad\u0131. Penalt\u0131 ka\u00e7\u0131rd\u0131k. Konumlar da vard\u0131. Kupada da ligde de \u015fampiyon olmak istiyoruz. Bu ma\u00e7tan ders \u00e7\u0131karaca\u011f\u0131z ve lig ma\u00e7\u0131nda galip gelmek istiyoruz.&#8221;<\/strong> dedi.<\/p>\n<p><strong>EFE&#8217;N\u0130N PERFORMANSI<\/strong><\/p>\n<p>2006 do\u011fumlu oyuncu, Galatasaray ile bu d\u00f6nem 84 dakika m\u00fchlet ald\u0131. Efe Akman birebir vakitte Galatasaray ve Be\u015fikta\u015f formas\u0131 giymi\u015f olan Ayhan Akman&#8217;\u0131n o\u011flu. <\/p>\n<div>\u00a0<\/div>\n<\/div>\n","protected":false},"excerpt":{"rendered":"<p>Ziraat T\u00fcrkiye Kupas\u0131&#8217;nda Ba\u015fak\u015fehir ile meskeninde 2-2 berabere kalan Galatasaray&#8217;da Efe Akman a\u00e7\u0131klamalarda bulundu.<\/p>\n","protected":false},"author":1,"featured_media":2582,"comment_status":"open","ping_status":"open","sticky":false,"template":"","format":"standard","meta":{"footnotes":""},"categories":[25],"tags":[129],"class_list":["post-2581","post","type-post","status-publish","format-standard","has-post-thumbnail","hentry","category-futbol","tag-galatasaray"],"_links":{"self":[{"href":"https:\/\/haberbesiktas.tr\/index.php?rest_route=\/wp\/v2\/posts\/2581","targetHints":{"allow":["GET"]}}],"collection":[{"href":"https:\/\/haberbesiktas.tr\/index.php?rest_route=\/wp\/v2\/posts"}],"about":[{"href":"https:\/\/haberbesiktas.tr\/index.php?rest_route=\/wp\/v2\/types\/post"}],"author":[{"embeddable":true,"href":"https:\/\/haberbesiktas.tr\/index.php?rest_route=\/wp\/v2\/users\/1"}],"replies":[{"embeddable":true,"href":"https:\/\/haberbesiktas.tr\/index.php?rest_route=%2Fwp%2Fv2%2Fcomments&post=2581"}],"version-history":[{"count":1,"href":"https:\/\/haberbesiktas.tr\/index.php?rest_route=\/wp\/v2\/posts\/2581\/revisions"}],"predecessor-version":[{"id":2583,"href":"https:\/\/haberbesiktas.tr\/index.php?rest_route=\/wp\/v2\/posts\/2581\/revisions\/2583"}],"wp:featuredmedia":[{"embeddable":true,"href":"https:\/\/haberbesiktas.tr\/index.php?rest_route=\/wp\/v2\/media\/2582"}],"wp:attachment":[{"href":"https:\/\/haberbesiktas.tr\/index.php?rest_route=%2Fwp%2Fv2%2Fmedia&parent=2581"}],"wp:term":[{"taxonomy":"category","embeddable":true,"href":"https:\/\/haberbesiktas.tr\/index.php?rest_route=%2Fwp%2Fv2%2Fcategories&post=2581"},{"taxonomy":"post_tag","embeddable":true,"href":"https:\/\/haberbesiktas.tr\/index.php?rest_route=%2Fwp%2Fv2%2Ftags&post=2581"}],"curies":[{"name":"wp","href":"https:\/\/api.w.org\/{rel}","templated":true}]}}