{"id":25822,"date":"2025-05-02T05:36:36","date_gmt":"2025-05-02T05:36:36","guid":{"rendered":"https:\/\/haberbesiktas.tr\/?p=25822"},"modified":"2025-05-02T05:36:36","modified_gmt":"2025-05-02T05:36:36","slug":"fernando-musleranin-buyuk-caresizligi","status":"publish","type":"post","link":"https:\/\/haberbesiktas.tr\/?p=25822","title":{"rendered":"Fernando Muslera&#8217;n\u0131n b\u00fcy\u00fck \u00e7aresizli\u011fi"},"content":{"rendered":"<div>Trendyol Muhte\u015fem Lig&#8217;in tepesinde yer alan Galatasaray&#8217;da savunma \u00e7izgisindeki eksiklikler son periyotta uygunca g\u00f6ze \u00e7arpar duruma geldi.<\/p>\n<p> Bu mevkideki kusurlar ise Uruguayl\u0131 kaleci Fernando Muslera&#8217;y\u0131 yakt\u0131.<\/p>\n<p> <strong>SAVUNMA YANLI\u015eLARININ BEDEL\u0130N\u0130 \u00d6D\u00dcYOR<\/strong><\/p>\n<p> Sar\u0131 k\u0131rm\u0131z\u0131l\u0131larda performans\u0131 tart\u0131\u015f\u0131lan fakat son periyotta kurtar\u0131\u015flar\u0131yla \u00f6n plana \u00e7\u0131kan Muslera, adeta savunma yanl\u0131\u015flar\u0131n\u0131n bedelini \u00f6d\u00fcyor.<\/p>\n<p> Vedaya haz\u0131rlanan Uruguayl\u0131 eldiven bu sezon 24 lig ma\u00e7\u0131nda kalesinde 27 gol g\u00f6r\u00fcrken ma\u00e7 ba\u015f\u0131 kurtar\u0131\u015f ortalamas\u0131 2,7 oldu. Muslera&#8217;n\u0131n yerine ismi ge\u00e7en Ey\u00fcpspor kalecisi Berke \u00d6zer&#8217;in ise ma\u00e7 ba\u015f\u0131 kurtar\u0131\u015f ortalamas\u0131 3,8.\u00a0<\/p>\n<div>\u00a0<\/div>\n<\/div>\n","protected":false},"excerpt":{"rendered":"<p>D\u00f6nem sonunda veda etmeye haz\u0131rlanan Galatasaray&#8217;\u0131n ba\u015far\u0131l\u0131 kalecisi Fernando Muslera, adeta savunma kusurlar\u0131n\u0131n bedelini \u00f6d\u00fcyor.<\/p>\n","protected":false},"author":1,"featured_media":25823,"comment_status":"open","ping_status":"open","sticky":false,"template":"","format":"standard","meta":{"footnotes":""},"categories":[25],"tags":[],"class_list":["post-25822","post","type-post","status-publish","format-standard","has-post-thumbnail","hentry","category-futbol"],"_links":{"self":[{"href":"https:\/\/haberbesiktas.tr\/index.php?rest_route=\/wp\/v2\/posts\/25822","targetHints":{"allow":["GET"]}}],"collection":[{"href":"https:\/\/haberbesiktas.tr\/index.php?rest_route=\/wp\/v2\/posts"}],"about":[{"href":"https:\/\/haberbesiktas.tr\/index.php?rest_route=\/wp\/v2\/types\/post"}],"author":[{"embeddable":true,"href":"https:\/\/haberbesiktas.tr\/index.php?rest_route=\/wp\/v2\/users\/1"}],"replies":[{"embeddable":true,"href":"https:\/\/haberbesiktas.tr\/index.php?rest_route=%2Fwp%2Fv2%2Fcomments&post=25822"}],"version-history":[{"count":1,"href":"https:\/\/haberbesiktas.tr\/index.php?rest_route=\/wp\/v2\/posts\/25822\/revisions"}],"predecessor-version":[{"id":25824,"href":"https:\/\/haberbesiktas.tr\/index.php?rest_route=\/wp\/v2\/posts\/25822\/revisions\/25824"}],"wp:featuredmedia":[{"embeddable":true,"href":"https:\/\/haberbesiktas.tr\/index.php?rest_route=\/wp\/v2\/media\/25823"}],"wp:attachment":[{"href":"https:\/\/haberbesiktas.tr\/index.php?rest_route=%2Fwp%2Fv2%2Fmedia&parent=25822"}],"wp:term":[{"taxonomy":"category","embeddable":true,"href":"https:\/\/haberbesiktas.tr\/index.php?rest_route=%2Fwp%2Fv2%2Fcategories&post=25822"},{"taxonomy":"post_tag","embeddable":true,"href":"https:\/\/haberbesiktas.tr\/index.php?rest_route=%2Fwp%2Fv2%2Ftags&post=25822"}],"curies":[{"name":"wp","href":"https:\/\/api.w.org\/{rel}","templated":true}]}}