{"id":25834,"date":"2025-05-02T06:24:16","date_gmt":"2025-05-02T06:24:16","guid":{"rendered":"https:\/\/haberbesiktas.tr\/?p=25834"},"modified":"2025-05-02T06:24:16","modified_gmt":"2025-05-02T06:24:16","slug":"galatasarayda-5-yildiz-icin-ohal","status":"publish","type":"post","link":"https:\/\/haberbesiktas.tr\/?p=25834","title":{"rendered":"Galatasaray&#8217;da 5. y\u0131ld\u0131z i\u00e7in OHAL!"},"content":{"rendered":"<div>Galatasaray&#8217;daki d\u00fc\u015f\u00fc\u015fe &#8216;dur&#8217; demek i\u00e7in d\u00fc\u011fmeye bas\u0131ld\u0131.<\/p>\n<p> Hem teknik y\u00f6netici Okan Buruk hem de lider Dursun \u00d6zbek ile idare, 25. \u015fampiyonluk amac\u0131 ismine ataklar yapmaya ba\u015flad\u0131. Son 6 ma\u00e7\u0131nda yaln\u0131zca bir galibiyet alan sar\u0131 k\u0131rm\u0131z\u0131l\u0131larda Alanya ma\u00e7\u0131 \u00f6ncesinde kamp karar\u0131 \u00e7\u0131kt\u0131!<\/p>\n<p> A\u011f\u0131r takvimde taktik idmanlar\u0131na tart\u0131 veremeyen Okan Buruk, Galatasaray kadrosunu per\u015fembe g\u00fcn\u00fcnden Antalya&#8217;ya g\u00f6t\u00fcrecek. Sar\u0131 k\u0131rm\u0131z\u0131l\u0131lar burada cuma g\u00fcn\u00fc \u00e7ift egzersiz yapacak.<\/p>\n<p> Okan Buruk hem fizik hem de taktiksel manada oyuncular\u0131na y\u00fckleme yapacak.<\/p>\n<p> <span><strong>&#8220;HERKES ALANA ODAKLANSIN!&#8221;<\/strong><\/span><\/p>\n<p> Deneyimli teknik adam, oyuncular\u0131 ile alakal\u0131 da \u00e7\u0131kan gece hayat\u0131 haberleri sonras\u0131nda onlara olan itimad\u0131n\u0131 lisana getirirken &#8220;<strong>Daha dikkatli olun! Art\u0131k final haftalar\u0131na giriyoruz. Herkes alana, Galatasaray&#8217;a odaklans\u0131n&#8221;<\/strong> ikaz\u0131nda bulundu.\u00a0<\/p>\n<div>\u00a0<\/div>\n<\/div>\n","protected":false},"excerpt":{"rendered":"<p>Son 6 ma\u00e7\u0131nda yaln\u0131zca 1 galibiyet alan sar\u0131 k\u0131rm\u0131z\u0131l\u0131larda Okan Buruk&#8217;tan Alanya ma\u00e7\u0131 \u00f6ncesi kamp karar\u0131 \u00e7\u0131kt\u0131. Pazar g\u00fcnk\u00fc ma\u00e7 i\u00e7in per\u015fembeden Antalya&#8217;ya gidilecek, y\u00fckleme yap\u0131lacak.<\/p>\n","protected":false},"author":1,"featured_media":25835,"comment_status":"open","ping_status":"open","sticky":false,"template":"","format":"standard","meta":{"footnotes":""},"categories":[25],"tags":[],"class_list":["post-25834","post","type-post","status-publish","format-standard","has-post-thumbnail","hentry","category-futbol"],"_links":{"self":[{"href":"https:\/\/haberbesiktas.tr\/index.php?rest_route=\/wp\/v2\/posts\/25834","targetHints":{"allow":["GET"]}}],"collection":[{"href":"https:\/\/haberbesiktas.tr\/index.php?rest_route=\/wp\/v2\/posts"}],"about":[{"href":"https:\/\/haberbesiktas.tr\/index.php?rest_route=\/wp\/v2\/types\/post"}],"author":[{"embeddable":true,"href":"https:\/\/haberbesiktas.tr\/index.php?rest_route=\/wp\/v2\/users\/1"}],"replies":[{"embeddable":true,"href":"https:\/\/haberbesiktas.tr\/index.php?rest_route=%2Fwp%2Fv2%2Fcomments&post=25834"}],"version-history":[{"count":1,"href":"https:\/\/haberbesiktas.tr\/index.php?rest_route=\/wp\/v2\/posts\/25834\/revisions"}],"predecessor-version":[{"id":25836,"href":"https:\/\/haberbesiktas.tr\/index.php?rest_route=\/wp\/v2\/posts\/25834\/revisions\/25836"}],"wp:featuredmedia":[{"embeddable":true,"href":"https:\/\/haberbesiktas.tr\/index.php?rest_route=\/wp\/v2\/media\/25835"}],"wp:attachment":[{"href":"https:\/\/haberbesiktas.tr\/index.php?rest_route=%2Fwp%2Fv2%2Fmedia&parent=25834"}],"wp:term":[{"taxonomy":"category","embeddable":true,"href":"https:\/\/haberbesiktas.tr\/index.php?rest_route=%2Fwp%2Fv2%2Fcategories&post=25834"},{"taxonomy":"post_tag","embeddable":true,"href":"https:\/\/haberbesiktas.tr\/index.php?rest_route=%2Fwp%2Fv2%2Ftags&post=25834"}],"curies":[{"name":"wp","href":"https:\/\/api.w.org\/{rel}","templated":true}]}}