{"id":2590,"date":"2025-01-11T01:42:42","date_gmt":"2025-01-11T01:42:42","guid":{"rendered":"https:\/\/haberbesiktas.tr\/?p=2590"},"modified":"2025-01-11T01:42:42","modified_gmt":"2025-01-11T01:42:42","slug":"cagdas-atan-hakem-icin-saskinim","status":"publish","type":"post","link":"https:\/\/haberbesiktas.tr\/?p=2590","title":{"rendered":"\u00c7a\u011fda\u015f Atan: &#8220;Hakem i\u00e7in \u015fa\u015fk\u0131n\u0131m&#8221;"},"content":{"rendered":"<div>Ba\u015fak\u015fehir Teknik Y\u00f6neticisi \u00c7a\u011fda\u015f Atan, Galatasaray ile kupada 2-2 berabere kald\u0131klar\u0131 m\u00fcsabakan\u0131n akabinde konu\u015ftu.<\/p>\n<p> Atan, <strong>&#8220;Ma\u00e7\u0131n ba\u015f\u0131nda konu\u015ftu\u011fumuz senaryolar ger\u00e7ekle\u015fti. Galatasaray&#8217;dan bu kadar rotasyon beklemiyorduk. Bu t\u00fcrl\u00fc g\u00f6r\u00fcnce de birinci yar\u0131 \u00fcst\u00fcnl\u00fck kurmak istedik. Hakikaten 1-0 \u00f6ne ge\u00e7tik. Bir tane \u00e7ok net penalt\u0131 konumumuz var. Bir tane G\u00fcnay&#8217;\u0131n fevkalade kurtar\u0131\u015f\u0131 var. Kenardaki atak oyuncular\u0131yla oyun giderek sertle\u015fecekti. Galatasaray&#8217;da 5 \u00e7ok d\u00fczg\u00fcn oyuncu alana girdi. Biz tekrar \u00f6ne ge\u00e7tikten sonra presi atlama konusunda, Mertens sonras\u0131, Mertens \u00fczerine stoper \u00e7\u0131karma konusunda zorluk ya\u015fad\u0131k. Oyuncular\u0131m inan\u00e7l\u0131 kalmay\u0131 se\u00e7ti ve geride kald\u0131k. \u00c7ok yeterli giderken berbat bir gol yedik. Birinci golde de \u00f6n dire\u011fi kapat\u0131p ge\u00e7i\u015fe m\u00fcsaade vermemeliydik. Yeterli bir oyun oldu. Galatasaray, birinci yar\u0131y\u0131 prestijiyle ligin en formda, en \u00e2l\u00e2 kadrosu. Seyircisiyle yaratt\u0131\u011f\u0131 atmosfer inan\u0131lmaz. \u00c7ok d\u00fczg\u00fcn u\u011fra\u015f etmezseniz, 90 dakika ma\u00e7\u0131n i\u00e7inde kalmazsan\u0131z m\u00fcmk\u00fcn de\u011fil \u00fczere g\u00f6z\u00fck\u00fcyor puan almak. Daha d\u00fczg\u00fcn\u00fc var m\u0131, bizde her vakit daha g\u00fczeli var. \u0130\u015fler yava\u015f yava\u015f oturuyor. Transfer d\u00f6neminin a\u00e7\u0131lmas\u0131, rotasyonun b\u00fcy\u00fcmesiyle birlikte as\u0131l me\u015fakkat pazar g\u00fcn\u00fc. Uygun bir ekip olaca\u011f\u0131z, ku\u015fkumuz yok. Pazar g\u00fcn\u00fc Duarte yok sakat, Serdar yok sakat, Ba, Crespo ve Berat cezal\u0131. \u015eapkadan tav\u015fan \u00e7\u0131karaca\u011f\u0131z. \u00d6mer Ali y\u00fczde y\u00fcz haz\u0131r de\u011fil. Konutumuzda g\u00fc\u00e7l\u00fc bir oyunumuz var. Pazar g\u00fcn\u00fc Galatasaray&#8217;dan \u00fcst \u00fcste puan al\u0131rsak kusursuz hafta ge\u00e7mi\u015f olur.&#8221;<\/strong> dedi.<\/p>\n<p> <strong>HAKEM SORUSUNA YANIT<\/strong><\/p>\n<p> \u00c7a\u011fda\u015f Atan, hakem idaresi i\u00e7in gelen sorunun akabinde, <strong>&#8220;Ben ge\u00e7en hafta ma\u00e7\u0131n hakemiyle ilgili bir yorum yapt\u0131m. Her hafta ma\u00e7\u0131n hakemiyle ilgili konu\u015facak bir teknik adam de\u011filim. Allah m\u00fcsaade verirse bundan sonra \u00e7ok konu\u015facak de\u011filim. Senede 1 sefer hakk\u0131m olur. Bug\u00fcn \u00e7ok \u015fa\u015fk\u0131n\u0131m, nitekim \u00e7ok \u015fa\u015fk\u0131n\u0131m, yaln\u0131zca onu s\u00f6ylemek istiyorum. Onun d\u0131\u015f\u0131nda hakemlerle ilgili s\u00f6yleyecek bir \u015feyim yok.&#8221;<\/strong> tabirlerini kulland\u0131.<\/p>\n<\/div>\n","protected":false},"excerpt":{"rendered":"<p>Ba\u015fak\u015fehir Teknik Y\u00f6neticisi \u00c7a\u011fda\u015f Atan, Galatasaray ma\u00e7\u0131 sonras\u0131 konu\u015ftu.<\/p>\n","protected":false},"author":1,"featured_media":2591,"comment_status":"open","ping_status":"open","sticky":false,"template":"","format":"standard","meta":{"footnotes":""},"categories":[25],"tags":[129,62,43],"class_list":["post-2590","post","type-post","status-publish","format-standard","has-post-thumbnail","hentry","category-futbol","tag-galatasaray","tag-hakem","tag-oyun"],"_links":{"self":[{"href":"https:\/\/haberbesiktas.tr\/index.php?rest_route=\/wp\/v2\/posts\/2590","targetHints":{"allow":["GET"]}}],"collection":[{"href":"https:\/\/haberbesiktas.tr\/index.php?rest_route=\/wp\/v2\/posts"}],"about":[{"href":"https:\/\/haberbesiktas.tr\/index.php?rest_route=\/wp\/v2\/types\/post"}],"author":[{"embeddable":true,"href":"https:\/\/haberbesiktas.tr\/index.php?rest_route=\/wp\/v2\/users\/1"}],"replies":[{"embeddable":true,"href":"https:\/\/haberbesiktas.tr\/index.php?rest_route=%2Fwp%2Fv2%2Fcomments&post=2590"}],"version-history":[{"count":1,"href":"https:\/\/haberbesiktas.tr\/index.php?rest_route=\/wp\/v2\/posts\/2590\/revisions"}],"predecessor-version":[{"id":2592,"href":"https:\/\/haberbesiktas.tr\/index.php?rest_route=\/wp\/v2\/posts\/2590\/revisions\/2592"}],"wp:featuredmedia":[{"embeddable":true,"href":"https:\/\/haberbesiktas.tr\/index.php?rest_route=\/wp\/v2\/media\/2591"}],"wp:attachment":[{"href":"https:\/\/haberbesiktas.tr\/index.php?rest_route=%2Fwp%2Fv2%2Fmedia&parent=2590"}],"wp:term":[{"taxonomy":"category","embeddable":true,"href":"https:\/\/haberbesiktas.tr\/index.php?rest_route=%2Fwp%2Fv2%2Fcategories&post=2590"},{"taxonomy":"post_tag","embeddable":true,"href":"https:\/\/haberbesiktas.tr\/index.php?rest_route=%2Fwp%2Fv2%2Ftags&post=2590"}],"curies":[{"name":"wp","href":"https:\/\/api.w.org\/{rel}","templated":true}]}}