{"id":25915,"date":"2025-05-02T11:48:20","date_gmt":"2025-05-02T11:48:20","guid":{"rendered":"https:\/\/haberbesiktas.tr\/?p=25915"},"modified":"2025-05-02T11:48:20","modified_gmt":"2025-05-02T11:48:20","slug":"trabzonspor-u19dan-tarihi-basari","status":"publish","type":"post","link":"https:\/\/haberbesiktas.tr\/?p=25915","title":{"rendered":"Trabzonspor U19&#8217;dan tarihi ba\u015far\u0131"},"content":{"rendered":"<div>UEFA Gen\u00e7lik Ligi Son 16 Tipi&#8217;nde Trabzonspor U19 ile Atalanta U19 kar\u015f\u0131 kar\u015f\u0131ya geldi. Papara Park&#8217;ta oynanan \u00e7abay\u0131 penalt\u0131lar sonucunda Trabzonspor kazand\u0131.<\/p>\n<p> U\u011fra\u015f\u0131n 90 dakikas\u0131 0-0&#8217;l\u0131k e\u015fitlikle ge\u00e7ildi. Trabzonspor&#8217;un topa daha \u00e7ok hakim oldu\u011fu 90 dakikada kaleyi bulan 6 \u015futtan gol \u00e7\u0131kmad\u0131. Atalanta&#8217;n\u0131n ise 7 isabetli \u015futunda Ahmet Y\u0131ld\u0131r\u0131m gole m\u00fcsaade vermedi.<\/p>\n<p> 90 dakikan\u0131n 0-0 sona ermesinin akabinde penalt\u0131lara ge\u00e7ildi.<\/p>\n<p> Trabzonspor, penalt\u0131 at\u0131\u015flar\u0131 sonucunda Atalanta&#8217;y\u0131 eledi. Trabzonspor, penalt\u0131larda 5&#8217;te 5 yaparken, Atalanta ise 4 penalt\u0131 at\u0131\u015f\u0131nda 3 gol atabildi.<\/p>\n<p>Trabzonspor U19&#8217;un \u00e7eyrek finaldeki rakibi Bayern M\u00fcnih &#8211; Inter e\u015fle\u015fmesinin galibi olacak. \u00c7eyrek final ma\u00e7lar\u0131 1 Nisan&#8217;da oynanacak.<\/p>\n<blockquote class=\"twitter-tweet\" data-width=\"500\" data-dnt=\"true\">\n<p lang=\"tr\" dir=\"ltr\">Bican Tibuko\u011flu&#39;ndan en kritik penalt\u0131da panenka!<a href=\"https:\/\/t.co\/1WrW8XqXbZ\" rel=\"nofollow\">pic.twitter.com\/1WrW8XqXbZ<\/a><\/p>\n<p>&mdash; Sporxtv (@sporxtv) <a href=\"https:\/\/twitter.com\/sporxtv\/status\/1897274055595843993?ref_src=twsrc%5Etfw\" rel=\"nofollow noopener\" target=\"_blank\">March 5, 2025<\/a><\/p><\/blockquote>\n<p><script async src=\"https:\/\/platform.twitter.com\/widgets.js\" charset=\"utf-8\"><\/script><\/p>\n<blockquote class=\"twitter-tweet\" data-width=\"500\" data-dnt=\"true\">\n<p lang=\"tr\" dir=\"ltr\">\ud83d\udd34\ud83d\udd35Trabzonspor, UEFA Gen\u00e7lik Ligi son 16 turunda Atalanta&#39;y\u0131 penalt\u0131larda 5-3 ile eledi ve \u00e7eyrek finale y\u00fckseldi.<\/p>\n<p>\u2705Salih Malko\u00e7o\u011flu <br \/>\u2705Onuralp \u00c7ak\u0131ro\u011flu <br \/>\u2705Ekrem Terzi <br \/>\u2705\u00d6mer Faruk Duymaz<br \/>\u2705Bican Tibukoglu\u00a0\u00a0<\/p>\n<p>\u2705Federico Simonetto<br \/>\u2705Davide Bono<br \/>\u274cDion Cakolli<br \/>\u2705Pietro Comi <a href=\"https:\/\/t.co\/S0NmX1G35r\" rel=\"nofollow\">pic.twitter.com\/S0NmX1G35r<\/a><\/p>\n<p>&mdash; Sporx (@sporx) <a href=\"https:\/\/twitter.com\/sporx\/status\/1897272578315837878?ref_src=twsrc%5Etfw\" rel=\"nofollow noopener\" target=\"_blank\">March 5, 2025<\/a><\/p><\/blockquote>\n<p><script async src=\"https:\/\/platform.twitter.com\/widgets.js\" charset=\"utf-8\"><\/script><\/p>\n<\/p><\/div>\n","protected":false},"excerpt":{"rendered":"<p>Trabzonspor U19, UEFA Gen\u00e7lik Ligi Son 16 Tipi&#8217;nde Atalanta&#8217;y\u0131 penalt\u0131larla 5-3 eleyerek ismini \u00e7eyrek finale yazd\u0131rd\u0131.<\/p>\n","protected":false},"author":1,"featured_media":25918,"comment_status":"open","ping_status":"open","sticky":false,"template":"","format":"standard","meta":{"footnotes":""},"categories":[25],"tags":[303,98],"class_list":["post-25915","post","type-post","status-publish","format-standard","has-post-thumbnail","hentry","category-futbol","tag-penalti","tag-trabzonspor"],"_links":{"self":[{"href":"https:\/\/haberbesiktas.tr\/index.php?rest_route=\/wp\/v2\/posts\/25915","targetHints":{"allow":["GET"]}}],"collection":[{"href":"https:\/\/haberbesiktas.tr\/index.php?rest_route=\/wp\/v2\/posts"}],"about":[{"href":"https:\/\/haberbesiktas.tr\/index.php?rest_route=\/wp\/v2\/types\/post"}],"author":[{"embeddable":true,"href":"https:\/\/haberbesiktas.tr\/index.php?rest_route=\/wp\/v2\/users\/1"}],"replies":[{"embeddable":true,"href":"https:\/\/haberbesiktas.tr\/index.php?rest_route=%2Fwp%2Fv2%2Fcomments&post=25915"}],"version-history":[{"count":1,"href":"https:\/\/haberbesiktas.tr\/index.php?rest_route=\/wp\/v2\/posts\/25915\/revisions"}],"predecessor-version":[{"id":25919,"href":"https:\/\/haberbesiktas.tr\/index.php?rest_route=\/wp\/v2\/posts\/25915\/revisions\/25919"}],"wp:featuredmedia":[{"embeddable":true,"href":"https:\/\/haberbesiktas.tr\/index.php?rest_route=\/wp\/v2\/media\/25918"}],"wp:attachment":[{"href":"https:\/\/haberbesiktas.tr\/index.php?rest_route=%2Fwp%2Fv2%2Fmedia&parent=25915"}],"wp:term":[{"taxonomy":"category","embeddable":true,"href":"https:\/\/haberbesiktas.tr\/index.php?rest_route=%2Fwp%2Fv2%2Fcategories&post=25915"},{"taxonomy":"post_tag","embeddable":true,"href":"https:\/\/haberbesiktas.tr\/index.php?rest_route=%2Fwp%2Fv2%2Ftags&post=25915"}],"curies":[{"name":"wp","href":"https:\/\/api.w.org\/{rel}","templated":true}]}}