{"id":25920,"date":"2025-05-02T12:00:33","date_gmt":"2025-05-02T12:00:33","guid":{"rendered":"https:\/\/haberbesiktas.tr\/?p=25920"},"modified":"2025-05-02T12:00:33","modified_gmt":"2025-05-02T12:00:33","slug":"manisa-fkde-hakan-sapci-donemi-bitti","status":"publish","type":"post","link":"https:\/\/haberbesiktas.tr\/?p=25920","title":{"rendered":"Manisa FK&#8217;de Hakan \u015eap\u00e7\u0131 d\u00f6nemi bitti"},"content":{"rendered":"<div>1&#8217;inci Lig&#8217;de son ma\u00e7lardaki makus sonu\u00e7lar\u0131n akabinde d\u00fc\u015fme \u00e7izgisine demir atan Manisa Futbol Kul\u00fcb\u00fc&#8217;nde devre ortas\u0131nda vazifeye gelen teknik y\u00f6netici Hakan \u015eap\u00e7\u0131&#8217;yla yollar ayr\u0131ld\u0131. Manisa FK idaresi, <strong>&#8220;Teknik Y\u00f6neticimiz Hakan \u015eap\u00e7\u0131 ve tak\u0131m\u0131yla kar\u015f\u0131l\u0131kl\u0131 anla\u015farak yollar\u0131m\u0131z\u0131 ay\u0131rm\u0131\u015f bulunmaktay\u0131z. Hakan \u015eap\u00e7\u0131 ve grubuna kul\u00fcb\u00fcm\u00fcze vermi\u015f oldu\u011fu hizmetlerden \u00f6t\u00fcr\u00fc te\u015fekk\u00fcr eder, bundan sonraki mesle\u011finde muvaffakiyetler dileriz&#8221;<\/strong> a\u00e7\u0131klamas\u0131n\u0131 yapt\u0131.<\/p>\n<p> Ekibi daha evvel B\u00f6lgesel Amat\u00f6r Lig&#8217;den 3&#8217;\u00fcnc\u00fc Lig&#8217;e \u00e7\u0131karan teknik y\u00f6netici olan Hakan \u015eap\u00e7\u0131, devre ortas\u0131nda yeniden amat\u00f6r ligdeki Manisaspor&#8217;dan 1&#8217;inci Lig&#8217;de yer alan Manisa FK&#8217;n\u0131n ba\u015f\u0131na getirilmi\u015fti.<\/p>\n<\/div>\n","protected":false},"excerpt":{"rendered":"<p>Manisa FK&#8217;de teknik y\u00f6netici \u015eap\u00e7\u0131 ile yollar ayr\u0131ld\u0131.<\/p>\n","protected":false},"author":1,"featured_media":25921,"comment_status":"open","ping_status":"open","sticky":false,"template":"","format":"standard","meta":{"footnotes":""},"categories":[25],"tags":[],"class_list":["post-25920","post","type-post","status-publish","format-standard","has-post-thumbnail","hentry","category-futbol"],"_links":{"self":[{"href":"https:\/\/haberbesiktas.tr\/index.php?rest_route=\/wp\/v2\/posts\/25920","targetHints":{"allow":["GET"]}}],"collection":[{"href":"https:\/\/haberbesiktas.tr\/index.php?rest_route=\/wp\/v2\/posts"}],"about":[{"href":"https:\/\/haberbesiktas.tr\/index.php?rest_route=\/wp\/v2\/types\/post"}],"author":[{"embeddable":true,"href":"https:\/\/haberbesiktas.tr\/index.php?rest_route=\/wp\/v2\/users\/1"}],"replies":[{"embeddable":true,"href":"https:\/\/haberbesiktas.tr\/index.php?rest_route=%2Fwp%2Fv2%2Fcomments&post=25920"}],"version-history":[{"count":1,"href":"https:\/\/haberbesiktas.tr\/index.php?rest_route=\/wp\/v2\/posts\/25920\/revisions"}],"predecessor-version":[{"id":25922,"href":"https:\/\/haberbesiktas.tr\/index.php?rest_route=\/wp\/v2\/posts\/25920\/revisions\/25922"}],"wp:featuredmedia":[{"embeddable":true,"href":"https:\/\/haberbesiktas.tr\/index.php?rest_route=\/wp\/v2\/media\/25921"}],"wp:attachment":[{"href":"https:\/\/haberbesiktas.tr\/index.php?rest_route=%2Fwp%2Fv2%2Fmedia&parent=25920"}],"wp:term":[{"taxonomy":"category","embeddable":true,"href":"https:\/\/haberbesiktas.tr\/index.php?rest_route=%2Fwp%2Fv2%2Fcategories&post=25920"},{"taxonomy":"post_tag","embeddable":true,"href":"https:\/\/haberbesiktas.tr\/index.php?rest_route=%2Fwp%2Fv2%2Ftags&post=25920"}],"curies":[{"name":"wp","href":"https:\/\/api.w.org\/{rel}","templated":true}]}}