{"id":25929,"date":"2025-05-02T12:36:21","date_gmt":"2025-05-02T12:36:21","guid":{"rendered":"https:\/\/haberbesiktas.tr\/?p=25929"},"modified":"2025-05-02T12:36:21","modified_gmt":"2025-05-02T12:36:21","slug":"capa-yabanci-hakemlerin-yonetmesi-uzucu-ama-artik-gerekiyor","status":"publish","type":"post","link":"https:\/\/haberbesiktas.tr\/?p=25929","title":{"rendered":"\u00c7apa: &#8220;Yabanc\u0131 hakemlerin y\u00f6netmesi \u00fcz\u00fcc\u00fc ama art\u0131k gerekiyor&#8221;"},"content":{"rendered":"<div>Samsunspor Futbol Y\u00f6neticisi Fuat \u00c7apa, &#8220;<strong>Kendi \u00fclkemizde ma\u00e7lar\u0131m\u0131z\u0131n yabanc\u0131 hakemler taraf\u0131ndan y\u00f6netilmesi be\u011fenilen bir durum \u00fczere durmuyor. Fakat bir yerde bir \u015feylerin de\u011fi\u015fmesi i\u00e7in de tahminen de bunlar\u0131n yap\u0131lmas\u0131 gerekiyordur&#8221;<\/strong> dedi.<\/p>\n<p> Samsunspor Futbol Y\u00f6neticisi Fuat \u00c7apa, Muhte\u015fem Lig&#8217;in 26&#8217;nc\u0131 haftas\u0131nda deplasmanda G\u00f6ztepe ile 2-2 berabere biten m\u00fcsabakan\u0131n ayr\u0131nt\u0131lar\u0131n\u0131 anlatarak, Demir\u00f6ren Haber Ajans\u0131&#8217;na (DHA) a\u00e7\u0131klamalarda bulundu. G\u00f6ztepe&#8217;nin bask\u0131l\u0131 ve prese dayal\u0131 futbol oynad\u0131\u011f\u0131n\u0131 bilerek alana \u00e7\u0131kt\u0131klar\u0131n\u0131 belirten Fuat \u00c7apa, <strong>&#8220;G\u00f6ztepe&#8217;nin s\u0131k\u0131nt\u0131 bir deplasman oldu\u011funu asl\u0131nda biliyoruz. Oraya giden ekiplerin ne kadar zorland\u0131\u011f\u0131n\u0131 \u00e7ok net bir bi\u00e7imde g\u00f6rd\u00fck. M\u00fcsabakan\u0131n bizim ismimize biraz \u015fanss\u0131z ba\u015flad\u0131\u011f\u0131n\u0131 s\u00f6yleyebilirim. Zira ma\u00e7\u0131n birinci dakikalar\u0131ndan itibaren sert bir oyun ge\u00e7ece\u011fini asl\u0131nda biliyorduk. Bilhassa G\u00f6ztepe&#8217;nin bask\u0131l\u0131 ve prese dayal\u0131 oyun usul\u00fc oldu\u011funu da biliyorduk&#8221;<\/strong> diye konu\u015ftu.<\/p>\n<p> <strong>&#8216;\u0130LK YARIDA OYUN DE\u011e\u0130L M\u00dcDEHALELER \u00dcST D\u00dcZEYD\u0130&#8217;<\/strong><\/p>\n<p> G\u00f6ztepe m\u00fcsabakas\u0131 hakk\u0131nda konu\u015fan Fuat \u00c7apa,<strong> &#8220;Hakemin birtak\u0131m durumlarda \u00e7ok fazla toleransl\u0131 davranmas\u0131 bizi zora soktu. Emre&#8217;nin a\u015fil tendonuna bas\u0131lmas\u0131 ve durumun karts\u0131z ge\u00e7ilmesi, ard\u0131ndan Bilgili&#8217;ye ve Bennasser&#8217;e t\u0131pk\u0131 \u015feyin yap\u0131lmas\u0131, ma\u00e7\u0131n daha sert ge\u00e7mesine neden oldu. Oyunun de\u011fil, m\u00fcdahalenin \u00fcst seviye oldu\u011fu bir birinci yar\u0131 ge\u00e7ti. Fakat son dakikada yemi\u015f oldu\u011fumuz gol ile ikinci devreye 1-0 geride ba\u015flam\u0131\u015f olduk. \u0130kinci devre 2-0 geriye d\u00fc\u015ft\u00fckten sonra grubu vermi\u015f oldu\u011fu tepki bizi ola\u011fan ki memnun etti. Zira daha evvel de yapt\u0131\u011f\u0131m\u0131z \u00fczere pes etmeyen bir ekip oldu\u011fumuzu g\u00f6sterdik. Ma\u00e7\u0131 kazanabilece\u011fimiz konumlar da oldu&#8221;<\/strong> s\u00f6zlerini kulland\u0131.<\/p>\n<p> <strong>&#8216;NASIL YABANCI ANTREN\u00d6RLER GEL\u0130YORSA YABANCI HAKEM DE GELEB\u0130L\u0130R&#8217;<\/strong><\/p>\n<p> M\u00fcsabakada ya\u015fanan hakem olaylar\u0131 hakk\u0131nda konu\u015fan \u00c7apa, <strong>&#8220;\u00d6zellikle Emre&#8217;ye verilmeyen penalt\u0131 durumu vard\u0131. Yani hakemlerle ilgili konu\u015fulmas\u0131n deniyor fakat hakemlerin vermi\u015f oldu\u011fu kararlar ma\u00e7\u0131n sonucunu da etkiliyor. Ligin sonucunu, s\u0131ralamas\u0131n\u0131 etkileyebiliyor. Bu da \u00fcz\u00fcc\u00fc oluyor a\u00e7\u0131k\u00e7as\u0131. Her ge\u00e7en g\u00fcn bu \u00fczere hakem olaylar\u0131 konu\u015fulmas\u0131n diye s\u00f6yleniyor fakat maalesef konu\u015fmak zorunda kal\u0131yoruz. Yani alandaki hakemlerden \u00e7ok, VAR&#8217;a gelen yabanc\u0131 hakemlerin de \u00e7ok fazla katk\u0131 sa\u011flad\u0131\u011f\u0131n\u0131 da s\u00f6yleyemeyiz. Lakin yeniden de T\u00fcrk kadrolar\u0131n\u0131n, ya\u015fanan hakem yanl\u0131\u015flar\u0131ndan \u00f6t\u00fcr\u00fc ligimizde daha fazla yabanc\u0131 hakem istemeleri \u00fcz\u00fcc\u00fc. Bug\u00fcne kadar T\u00fcrk hakemleriyle y\u00f6netilen Muhte\u015fem Lig&#8217;in bu formda de\u011fi\u015fik bir istikamete hakikat gitmesi bizleri memnun etmiyor. Kendi \u00fclkemizde ma\u00e7lar\u0131m\u0131z\u0131n yabanc\u0131 hakemler taraf\u0131ndan y\u00f6netilmesi be\u011fenilen bir durum \u00fczere durmuyor. Lakin bir yerde bir \u015feylerin de\u011fi\u015fmesi i\u00e7in de tahminen de bunlar\u0131n yap\u0131lmas\u0131 gerekiyordur. Nas\u0131l yabanc\u0131 teknik adamlar geliyorsa, nas\u0131l yabanc\u0131 altyap\u0131 sorumlular\u0131 geliyorsa tahminen hakemlerle ilgili de belirli bir m\u00fcddet yabanc\u0131 hakemlerle gidip ondan sonra yanl\u0131\u015fs\u0131z yolu bulmak gerekiyordur. Zira bu gidi\u015fat hi\u00e7bir \u015fey i\u00e7in hakikat de\u011fil. Bilhassa Anadolu kadrolar\u0131 i\u00e7in bunu belirtmem gerekiyor. Umut ediyorum en k\u0131sa vakitte bu hususta yanl\u0131\u015fs\u0131z yolu buluruz&#8221;<\/strong> dedi.<\/p>\n<p> <strong>&#8216;\u015eU ANK\u0130 BA\u015eARIMIZDA B\u0130R S\u00dcR\u00dc PUZZLE&#8217;IN PAR\u00c7ASI VAR&#8217;<\/strong><\/p>\n<p> Ligde bulunduklar\u0131 pozisyonun bir\u00e7ok \u00e7al\u0131\u015fma sonucunda elde edildi\u011fini s\u00f6yleyen \u00c7apa, <strong>&#8220;\u015eu anda bulunmu\u015f oldu\u011fumuz pozisyon bizi keyifli ediyor. Yani \u015fu anda burada olmam\u0131z\u0131n birden fazla nedeni var. Yaln\u0131zca bir nedeni yok. \u015eu anki ba\u015far\u0131m\u0131z da bir s\u00fcr\u00fc puzzle&#8217;\u0131n kesimi var. O puzzle&#8217;\u0131n kesimleri birbirine hakikat bir formda yerle\u015ftirildi\u011fi vakit, ortaya yanl\u0131\u015fs\u0131z bir foto\u011fraf \u00e7\u0131k\u0131yor. Burada bu i\u015fin mimar\u0131n\u0131n Y\u00fcksel Y\u0131ld\u0131r\u0131m oldu\u011funu unutmamak laz\u0131m. Yani liderimiz ba\u015f\u0131nda olan projeyi ben teknik adamken de daima konu\u015fuyordu, s\u00f6yl\u00fcyordu. Vakit zaman programlarda da kul\u00fcb\u00fcn i\u00e7erisindeyken, d\u0131\u015far\u0131s\u0131ndayken de duyuyorduk. Bu sene ho\u015f bir ba\u015flang\u0131\u00e7 gidi\u015fat oldu. Nat\u00fcrel de\u011ferli olan bunu yanl\u0131\u015fs\u0131z bir bi\u00e7imde bitirmektir&#8221;<\/strong> dedi.<\/p>\n<\/div>\n","protected":false},"excerpt":{"rendered":"<p>Samsunspor Futbol Y\u00f6neticisi Fuat \u00c7apa, DHA&#8217;ya g\u00fcndem hakk\u0131nda a\u00e7\u0131klamalarda bulundu.<\/p>\n","protected":false},"author":1,"featured_media":25930,"comment_status":"open","ping_status":"open","sticky":false,"template":"","format":"standard","meta":{"footnotes":""},"categories":[25],"tags":[2311,703,64,52,2037],"class_list":["post-25929","post","type-post","status-publish","format-standard","has-post-thumbnail","hentry","category-futbol","tag-capa","tag-dogru","tag-goztepe","tag-takim","tag-yabanci-hakem"],"_links":{"self":[{"href":"https:\/\/haberbesiktas.tr\/index.php?rest_route=\/wp\/v2\/posts\/25929","targetHints":{"allow":["GET"]}}],"collection":[{"href":"https:\/\/haberbesiktas.tr\/index.php?rest_route=\/wp\/v2\/posts"}],"about":[{"href":"https:\/\/haberbesiktas.tr\/index.php?rest_route=\/wp\/v2\/types\/post"}],"author":[{"embeddable":true,"href":"https:\/\/haberbesiktas.tr\/index.php?rest_route=\/wp\/v2\/users\/1"}],"replies":[{"embeddable":true,"href":"https:\/\/haberbesiktas.tr\/index.php?rest_route=%2Fwp%2Fv2%2Fcomments&post=25929"}],"version-history":[{"count":1,"href":"https:\/\/haberbesiktas.tr\/index.php?rest_route=\/wp\/v2\/posts\/25929\/revisions"}],"predecessor-version":[{"id":25931,"href":"https:\/\/haberbesiktas.tr\/index.php?rest_route=\/wp\/v2\/posts\/25929\/revisions\/25931"}],"wp:featuredmedia":[{"embeddable":true,"href":"https:\/\/haberbesiktas.tr\/index.php?rest_route=\/wp\/v2\/media\/25930"}],"wp:attachment":[{"href":"https:\/\/haberbesiktas.tr\/index.php?rest_route=%2Fwp%2Fv2%2Fmedia&parent=25929"}],"wp:term":[{"taxonomy":"category","embeddable":true,"href":"https:\/\/haberbesiktas.tr\/index.php?rest_route=%2Fwp%2Fv2%2Fcategories&post=25929"},{"taxonomy":"post_tag","embeddable":true,"href":"https:\/\/haberbesiktas.tr\/index.php?rest_route=%2Fwp%2Fv2%2Ftags&post=25929"}],"curies":[{"name":"wp","href":"https:\/\/api.w.org\/{rel}","templated":true}]}}