{"id":2593,"date":"2025-01-11T01:54:43","date_gmt":"2025-01-11T01:54:43","guid":{"rendered":"https:\/\/haberbesiktas.tr\/?p=2593"},"modified":"2025-01-11T01:54:43","modified_gmt":"2025-01-11T01:54:43","slug":"trabzonspordan-sami-ugurluya-tepki","status":"publish","type":"post","link":"https:\/\/haberbesiktas.tr\/?p=2593","title":{"rendered":"Trabzonspor&#8217;dan Sami U\u011furlu&#8217;ya tepki!"},"content":{"rendered":"<div>Trabzonspor, Alanyaspor ma\u00e7\u0131n\u0131n akabinde Akdeniz grubunun teknik y\u00f6neticisi Sami U\u011furlu&#8217;nun a\u00e7\u0131klamalar\u0131na reaksiyon g\u00f6sterdi.<\/p>\n<p> <strong>Trabzonspor&#8217;dan yap\u0131lan a\u00e7\u0131klama \u015fu halde:<\/strong><\/p>\n<p> &#8220;Corendon Alanyaspor Teknik Y\u00f6neticisi Say\u0131n Sami U\u011furlu&#8217;nun futbolcular\u0131m\u0131z Simon Banza ve Muhammed Cham hakk\u0131nda yapt\u0131\u011f\u0131 bahts\u0131z ve temelsiz a\u00e7\u0131klamalar\u0131n\u0131 \u015fa\u015fk\u0131nl\u0131kla takip ettik.<\/p>\n<p> Alanda \u00f6nemli bir sakatl\u0131k ya\u015fayan futbolcusunun durumuna dair tek bir s\u00f6z dahi etmeden, g\u00fcndem yaratmak emeliyle oyuncular\u0131m\u0131z\u0131 ama\u00e7 almas\u0131 kabul edilemez bir tav\u0131rd\u0131r.<\/p>\n<p> Trabzonspor olarak \u015funun alt\u0131n\u0131 kal\u0131n bir formda \u00e7izmek isteriz:<\/p>\n<p> Simon Banza ve Muhammed Cham, profesyonelli\u011fiyle \u00f6ne \u00e7\u0131kan \u00e7ok k\u0131ymetli atletlerdir.<\/p>\n<p> Oyuncular\u0131m\u0131z\u0131n ulusal k\u0131ymetlere ve \u00fclkemizin kutsallar\u0131na duydu\u011fu h\u00fcrmet, rastgele birinin sorgulamas\u0131na a\u00e7\u0131k bir bahis de\u011fildir.<\/p>\n<p> Say\u0131n U\u011furlu&#8217;nun, futbolun birle\u015ftirici g\u00fcc\u00fcn\u00fc g\u00f6z gerisi ederek bu \u00e7e\u015fit k\u0131\u015fk\u0131rt\u0131c\u0131 telaffuzlara ba\u015fvurmas\u0131n\u0131 \u015fiddetle k\u0131n\u0131yoruz.<\/p>\n<p> Futbolcusunun ya\u015fad\u0131\u011f\u0131 \u00f6nemli sakatl\u0131\u011f\u0131 g\u00f6z arkas\u0131 edip kamuoyunu yanl\u0131\u015f y\u00f6nlendirme gayretini ise ne spor ahlak\u0131na ne de insani pahalara uygun g\u00f6r\u00fcyoruz.<\/p>\n<p> Ayr\u0131yeten ge\u00e7mi\u015fte hakem ve rakiplere y\u00f6nelik hakaretleri ve tehdidi nedeniyle 7 ma\u00e7 ceza alan bir teknik adam\u0131n spor camias\u0131na ahlak dersi vermesini ise kamuoyunun takdirine b\u0131rak\u0131yoruz.<\/p>\n<p> Trabzonspor Kul\u00fcb\u00fc olarak, oyuncular\u0131m\u0131z\u0131 bu cins mesnetsiz arg\u00fcmanlardan koruyaca\u011f\u0131m\u0131z\u0131 kamuoyuna h\u00fcrmetle duyuruyoruz.&#8221;<\/p>\n<p> <strong>NELER YA\u015eANDI?<\/strong><\/p>\n<p> Trabzonspor ile Alanyaspor ortas\u0131nda oynanan biti\u015f d\u00fcd\u00fc\u011f\u00fc sonras\u0131 iki grup futbolcular\u0131 saha i\u00e7erisinde k\u0131sa periyodik bir gerginlik ya\u015fad\u0131.<\/p>\n<p> Alanyaspor Teknik Y\u00f6neticisi Sami U\u011furlu, ma\u00e7\u0131n akabinde, &#8220;Ma\u00e7 bittikten sonra, asl\u0131nda devre ortas\u0131 da olmu\u015ftu, i\u00e7erde oldu\u011fu i\u00e7in \u00e7ok g\u00f6rememi\u015f olabilirsiniz. Ben bu olaylar\u0131n ba\u015flang\u0131c\u0131n\u0131n b\u00fcsb\u00fct\u00fcn Simon Banza&#8217;dan kaynakl\u0131 oldu\u011funu d\u00fc\u015f\u00fcn\u00fcyorum. \u00c7ok fazla provokat\u00f6r bir oyuncu oldu\u011funu s\u00f6yleyebilirim. Ma\u00e7\u0131n ba\u015f\u0131ndan sonuna kadar oyuncular\u0131 tahrik eden, daima k\u00fcfreden o diyalo\u011fa giren ve oyunun gerilmesini sa\u011flayan asl\u0131nda oyuncular ortas\u0131nda rastgele bir gerginlik rastgele bir sorun ya\u015fanmam\u0131\u015ft\u0131. Lakin Simon Banza \u00f6nderli\u011finde biraz da oyunun gerildi\u011fini s\u00f6yleyebiliriz. Rastgele bir vurma, darbe oldu\u011funu s\u00f6yleyemem. \u015eenol hocaya da te\u015fekk\u00fcr ediyorum. B\u00fcsb\u00fct\u00fcn sakinle\u015ftiren, olaylar\u0131n kapanmas\u0131n\u0131, bitmesini isteyen halleriyle herkesi sakinle\u015ftirmeye \u00e7al\u0131\u015ft\u0131.&#8221; diye konu\u015ftu.<\/p>\n<\/div>\n","protected":false},"excerpt":{"rendered":"<p>Trabzonspor, Alanyaspor Teknik Y\u00f6neticisi Sami U\u011furlu&#8217;ya reaksiyon g\u00f6sterdi.<\/p>\n","protected":false},"author":1,"featured_media":2594,"comment_status":"open","ping_status":"open","sticky":false,"template":"","format":"standard","meta":{"footnotes":""},"categories":[25],"tags":[305,50,49,241,98],"class_list":["post-2593","post","type-post","status-publish","format-standard","has-post-thumbnail","hentry","category-futbol","tag-alan","tag-mac","tag-oyuncu","tag-tek","tag-trabzonspor"],"_links":{"self":[{"href":"https:\/\/haberbesiktas.tr\/index.php?rest_route=\/wp\/v2\/posts\/2593","targetHints":{"allow":["GET"]}}],"collection":[{"href":"https:\/\/haberbesiktas.tr\/index.php?rest_route=\/wp\/v2\/posts"}],"about":[{"href":"https:\/\/haberbesiktas.tr\/index.php?rest_route=\/wp\/v2\/types\/post"}],"author":[{"embeddable":true,"href":"https:\/\/haberbesiktas.tr\/index.php?rest_route=\/wp\/v2\/users\/1"}],"replies":[{"embeddable":true,"href":"https:\/\/haberbesiktas.tr\/index.php?rest_route=%2Fwp%2Fv2%2Fcomments&post=2593"}],"version-history":[{"count":1,"href":"https:\/\/haberbesiktas.tr\/index.php?rest_route=\/wp\/v2\/posts\/2593\/revisions"}],"predecessor-version":[{"id":2595,"href":"https:\/\/haberbesiktas.tr\/index.php?rest_route=\/wp\/v2\/posts\/2593\/revisions\/2595"}],"wp:featuredmedia":[{"embeddable":true,"href":"https:\/\/haberbesiktas.tr\/index.php?rest_route=\/wp\/v2\/media\/2594"}],"wp:attachment":[{"href":"https:\/\/haberbesiktas.tr\/index.php?rest_route=%2Fwp%2Fv2%2Fmedia&parent=2593"}],"wp:term":[{"taxonomy":"category","embeddable":true,"href":"https:\/\/haberbesiktas.tr\/index.php?rest_route=%2Fwp%2Fv2%2Fcategories&post=2593"},{"taxonomy":"post_tag","embeddable":true,"href":"https:\/\/haberbesiktas.tr\/index.php?rest_route=%2Fwp%2Fv2%2Ftags&post=2593"}],"curies":[{"name":"wp","href":"https:\/\/api.w.org\/{rel}","templated":true}]}}