{"id":25932,"date":"2025-05-02T12:48:14","date_gmt":"2025-05-02T12:48:14","guid":{"rendered":"https:\/\/haberbesiktas.tr\/?p=25932"},"modified":"2025-05-02T12:48:14","modified_gmt":"2025-05-02T12:48:14","slug":"riza-calimbay-sivasspora-dondu","status":"publish","type":"post","link":"https:\/\/haberbesiktas.tr\/?p=25932","title":{"rendered":"R\u0131za \u00c7al\u0131mbay, Sivasspor&#8217;a d\u00f6nd\u00fc!"},"content":{"rendered":"<div>Sivasspor, \u00d6mer Erdo\u011fan&#8217;\u0131n akabinde teknik y\u00f6neticilik misyonuna \u0130stek \u00c7al\u0131mbay&#8217;\u0131n getirildi\u011fini a\u00e7\u0131klad\u0131.<\/p>\n<p> <strong>\u0130\u015fte yap\u0131lan a\u00e7\u0131klama:<\/strong><\/p>\n<p> &#8220;Kul\u00fcb\u00fcm\u00fcz, teknik y\u00f6neticilik vazifesi i\u00e7in \u0130stek \u00c7al\u0131mbay ile muahedeye vard\u0131.<\/p>\n<p> \u0130stek \u00c7al\u0131mbay, Sivasspor ailesi i\u00e7in yaln\u0131zca bir teknik y\u00f6netici de\u011fil, t\u0131pk\u0131 vakitte kentimizin ve kul\u00fcb\u00fcm\u00fcz\u00fcn k\u0131ymetlerini en d\u00fczg\u00fcn formda temsil eden bir sembold\u00fcr. Ge\u00e7mi\u015fte iki farkl\u0131 periyotta kul\u00fcb\u00fcm\u00fczde toplam 7,5 y\u0131l misyon yaparak, tak\u0131m\u0131m\u0131z\u0131 S\u00fcper Lig&#8217;de, Avrupa kupalar\u0131nda ve T\u00fcrkiye Kupas\u0131&#8217;nda say\u0131s\u0131z muvaffakiyete ta\u015f\u0131m\u0131\u015ft\u0131r. Onun liderli\u011finde elde etti\u011fimiz 3 d\u00f6nem \u00fcst \u00fcste Avrupa kupalar\u0131na kat\u0131lma ba\u015far\u0131s\u0131 ve 2022 y\u0131l\u0131nda kazand\u0131\u011f\u0131m\u0131z tarihi Ziraat T\u00fcrkiye Kupas\u0131 \u015fampiyonlu\u011fu ve ligdeki ba\u015far\u0131lar\u0131m\u0131z taraftarlar\u0131m\u0131za unutulmaz anlar ya\u015fatm\u0131\u015ft\u0131.<\/p>\n<p> Sivasspor Kul\u00fcb\u00fc olarak, \u0130stek \u00c7al\u0131mbay&#8217;\u0131n engin deneyimi ve liderlik vas\u0131flar\u0131yla ekibimizin yine muvaffakiyetten muvaffakiyete ko\u015faca\u011f\u0131na y\u00fcrekten inan\u0131yoruz.<\/p>\n<p> Memleketine olan ba\u011fl\u0131l\u0131\u011f\u0131 ve Sivasspor sevgisiyle yine yuvaya d\u00f6nen \u0130stek \u00c7al\u0131mbay&#8217;a be\u011fenilen geldin diyor, k\u0131rm\u0131z\u0131-beyazl\u0131 toplulu\u011fumuzla birlikte yeni zaferlere imza ataca\u011f\u0131na inan\u0131yoruz.&#8221;<\/p>\n<\/div>\n","protected":false},"excerpt":{"rendered":"<p>Sivasspor, teknik y\u00f6neticilik misyonuna \u0130stek \u00c7al\u0131mbay&#8217;\u0131n getirildi\u011fini a\u00e7\u0131klad\u0131.<\/p>\n","protected":false},"author":1,"featured_media":25933,"comment_status":"open","ping_status":"open","sticky":false,"template":"","format":"standard","meta":{"footnotes":""},"categories":[25],"tags":[991],"class_list":["post-25932","post","type-post","status-publish","format-standard","has-post-thumbnail","hentry","category-futbol","tag-riza-calimbay"],"_links":{"self":[{"href":"https:\/\/haberbesiktas.tr\/index.php?rest_route=\/wp\/v2\/posts\/25932","targetHints":{"allow":["GET"]}}],"collection":[{"href":"https:\/\/haberbesiktas.tr\/index.php?rest_route=\/wp\/v2\/posts"}],"about":[{"href":"https:\/\/haberbesiktas.tr\/index.php?rest_route=\/wp\/v2\/types\/post"}],"author":[{"embeddable":true,"href":"https:\/\/haberbesiktas.tr\/index.php?rest_route=\/wp\/v2\/users\/1"}],"replies":[{"embeddable":true,"href":"https:\/\/haberbesiktas.tr\/index.php?rest_route=%2Fwp%2Fv2%2Fcomments&post=25932"}],"version-history":[{"count":1,"href":"https:\/\/haberbesiktas.tr\/index.php?rest_route=\/wp\/v2\/posts\/25932\/revisions"}],"predecessor-version":[{"id":25934,"href":"https:\/\/haberbesiktas.tr\/index.php?rest_route=\/wp\/v2\/posts\/25932\/revisions\/25934"}],"wp:featuredmedia":[{"embeddable":true,"href":"https:\/\/haberbesiktas.tr\/index.php?rest_route=\/wp\/v2\/media\/25933"}],"wp:attachment":[{"href":"https:\/\/haberbesiktas.tr\/index.php?rest_route=%2Fwp%2Fv2%2Fmedia&parent=25932"}],"wp:term":[{"taxonomy":"category","embeddable":true,"href":"https:\/\/haberbesiktas.tr\/index.php?rest_route=%2Fwp%2Fv2%2Fcategories&post=25932"},{"taxonomy":"post_tag","embeddable":true,"href":"https:\/\/haberbesiktas.tr\/index.php?rest_route=%2Fwp%2Fv2%2Ftags&post=25932"}],"curies":[{"name":"wp","href":"https:\/\/api.w.org\/{rel}","templated":true}]}}